{"id":13339,"date":"2016-12-31T12:39:13","date_gmt":"2016-12-31T11:39:13","guid":{"rendered":"https:\/\/www.fagace.org\/?p=13339"},"modified":"2024-04-03T15:41:17","modified_gmt":"2024-04-03T13:41:17","slug":"discours-de-monsieur-amadou-ba-ministre-de-leconomie-des-finances-et-du-plan-a-la-2eme-session-extraordinaire-du-conseil-des-gouverneurs-du-fonds-africain-de-garantie-et-de-la-cooperation-eco","status":"publish","type":"post","link":"https:\/\/www.fagace.org\/en\/2016\/12\/31\/discours-de-monsieur-amadou-ba-ministre-de-leconomie-des-finances-et-du-plan-a-la-2eme-session-extraordinaire-du-conseil-des-gouverneurs-du-fonds-africain-de-garantie-et-de-la-cooperation-eco\/","title":{"rendered":"SPEECH BY MR AMADOU BA MINISTER OF THE ECONOMY, FINANCE AND PLANNING AT THE 2ND EXTRAORDINARY SESSION OF THE BOARD OF GOVERNORS OF THE AFRICAN GUARANTEE FUND AND ECONOMIC COOPERATION (FAGACE)"},"content":{"rendered":"\t\t<div data-elementor-type=\"wp-post\" data-elementor-id=\"13339\" class=\"elementor elementor-13339\">\n\t\t\t\t\t\t\t        <section class=\"elementor-section elementor-top-section elementor-element elementor-element-7db8c4ad elementor-section-boxed elementor-section-height-default elementor-section-height-default\" data-id=\"7db8c4ad\" data-element_type=\"section\">\n            \n                        <div class=\"elementor-container elementor-column-gap-default \">\n                    <div class=\"elementor-column elementor-col-100 elementor-top-column elementor-element elementor-element-31f43661\" data-id=\"31f43661\" data-element_type=\"column\">\n            <div class=\"elementor-widget-wrap elementor-element-populated\">\n                        \t\t<div class=\"elementor-element elementor-element-690b4b47 elementor-widget elementor-widget-text-editor\" data-id=\"690b4b47\" data-element_type=\"widget\" data-widget_type=\"text-editor.default\">\n\t\t\t\t<div class=\"elementor-widget-container\">\n\t\t\t<style>\/*! elementor - v3.12.1 - 02-04-2023 *\/\n.elementor-widget-text-editor.elementor-drop-cap-view-stacked .elementor-drop-cap{background-color:#69727d;color:#fff}.elementor-widget-text-editor.elementor-drop-cap-view-framed .elementor-drop-cap{color:#69727d;border:3px solid;background-color:transparent}.elementor-widget-text-editor:not(.elementor-drop-cap-view-default) .elementor-drop-cap{margin-top:8px}.elementor-widget-text-editor:not(.elementor-drop-cap-view-default) .elementor-drop-cap-letter{width:1em;height:1em}.elementor-widget-text-editor .elementor-drop-cap{float:left;text-align:center;line-height:1;font-size:50px}.elementor-widget-text-editor .elementor-drop-cap-letter{display:inline-block}<\/style>\t\t\t\t<p><strong>Distintos membros do Conselho de Governadores,<\/strong><br \/><strong>Membros do Conselho de Administra\u00e7\u00e3o,<\/strong><br \/><strong>Senhora Directora-Geral em exerc\u00edcio da FAGACE,<\/strong><br \/><strong>Distintos convidados,<\/strong><br \/><strong>Minhas senhoras e meus senhores<\/strong><\/p><p>Gostaria de come\u00e7ar por expressar a minha profunda gratid\u00e3o pela escolha do Senegal para acolher esta 2\u00aa sess\u00e3o extraordin\u00e1ria do Conselho de Governadores do Fundo Africano de Garantia e Coopera\u00e7\u00e3o Econ\u00f3mica (FAGACE).<\/p><p>Em nome de Sua Excel\u00eancia o Senhor Macky Sall, Presidente da Rep\u00fablica, gostaria de vos dar as boas-vindas ao Senegal e desejar-vos uma estadia agrad\u00e1vel entre n\u00f3s.<\/p><p>\u00c9 para mim um verdadeiro prazer presidir a esta reuni\u00e3o, que nos d\u00e1 a oportunidade de tra\u00e7ar o caminho para o desenvolvimento da nossa institui\u00e7\u00e3o comum, para que possa responder melhor aos desafios cada vez maiores que as nossas economias enfrentam.<\/p><p><strong>Excelent\u00edssimos membros do Conselho de Governadores<\/strong><br \/><strong>Minhas Senhoras e Meus Senhores<\/strong><\/p><p>Iniciamos esta reuni\u00e3o num contexto econ\u00f3mico internacional sombrio, com disparidades entre as regi\u00f5es e os Estados-Membros da nossa organiza\u00e7\u00e3o.<\/p><p>Neste contexto, as institui\u00e7\u00f5es financeiras regionais, como a FAGACE, t\u00eam um papel importante a desempenhar nas nossas economias, e gostaria de aproveitar esta oportunidade para me congratular com as decis\u00f5es tomadas nas nossas reuni\u00f5es anteriores, que testemunham o nosso grande interesse em que a nossa institui\u00e7\u00e3o enfrente os desafios actuais.<\/p><p>A FAGACE tem contribu\u00eddo de forma qualitativa para o desenvolvimento de projectos estruturantes para as nossas economias em diversos sectores de atividade. Nos \u00faltimos anos, esteve envolvido em 23 projectos em 14 pa\u00edses africanos. As suas interven\u00e7\u00f5es conduziram ao desenvolvimento da ind\u00fastria, das infra-estruturas agr\u00edcolas, dos transportes e do abastecimento de \u00e1gua \u00e0s zonas rurais, entre outros projectos.<\/p><p>Al\u00e9m disso, o empenho resoluto do Conselho de Governadores em assegurar um acompanhamento mais rigoroso das actividades do Fundo constitui uma medida salutar suscet\u00edvel de refor\u00e7ar a governa\u00e7\u00e3o interna da institui\u00e7\u00e3o e garantir a sua sustentabilidade. Constitui, por conseguinte, um sinal forte para os nossos parceiros.<\/p><p>No decurso da presente sess\u00e3o extraordin\u00e1ria, examinaremos quest\u00f5es de grande import\u00e2ncia que nos foram apresentadas.<br \/>Os principais s\u00e3o :<br \/>&#8211; o relat\u00f3rio de auditoria geral sobre a gest\u00e3o do Fundo,<br \/>&#8211; a nomea\u00e7\u00e3o de um Diretor-Geral,<\/p><p>As decis\u00f5es que da\u00ed resultarem ter\u00e3o, sem d\u00favida, um impacto significativo no futuro do Fundo, que dever\u00e1, em v\u00e9speras do seu 40\u00ba anivers\u00e1rio, ser objeto de uma reflex\u00e3o sobre o seu futuro.<br \/>Na v\u00e9spera do seu 40\u00ba anivers\u00e1rio, o Fundo deve restabelecer a confian\u00e7a dos seus parceiros e tranquilizar os seus accionistas.<br \/>\u00c9 por esta raz\u00e3o que vos pe\u00e7o, caros colegas, que examinem com a maior dilig\u00eancia os dossiers submetidos \u00e0 nossa aprecia\u00e7\u00e3o.<\/p><p>Tendo em conta a situa\u00e7\u00e3o financeira descrita nos diferentes relat\u00f3rios, temos de continuar a apoiar permanentemente esta institui\u00e7\u00e3o, para que possa cumprir plenamente a sua miss\u00e3o. O FAGACE \u00e9 um instrumento de promo\u00e7\u00e3o da integra\u00e7\u00e3o e de luta contra a pobreza. A sua salvaguarda exige o apoio financeiro dos Estados-Membros, nomeadamente atrav\u00e9s da conclus\u00e3o da mobiliza\u00e7\u00e3o do seu capital social.<\/p><p>Por esta raz\u00e3o, devem ser tomadas medidas diligentes para libertar o capital mobilizado em 2014, para o qual o prazo de 2016 n\u00e3o registou praticamente nenhuma contribui\u00e7\u00e3o.<\/p><p>Senhoras e Senhores Deputados, tendo em conta os imperativos da nossa<br \/>institui\u00e7\u00e3o, gostaria de apelar ao respeito do calend\u00e1rio de liberta\u00e7\u00e3o do capital mobilizado.<br \/>Para concluir, gostaria de desejar o maior sucesso ao nosso trabalho e aproveitar esta oportunidade para vos desejar, a v\u00f3s e \u00e0s vossas fam\u00edlias, um feliz e pr\u00f3spero 2017.<\/p><p><strong>Viva a integra\u00e7\u00e3o sub-regional!<\/strong><br \/><strong>Viva o FAGACE,<\/strong><br \/><strong>Muito obrigado pela vossa aten\u00e7\u00e3o.<\/strong><\/p>\t\t\t\t\t\t<\/div>\n\t\t\t\t<\/div>\n\t\t            <\/div>\n        <\/div>\n                            <\/div>\n        <\/section>\n        \t\t\t\t\t<\/div>\n\t\t","protected":false},"excerpt":{"rendered":"<p>Distinguished members of the Board of Governors,Members of the Board of Directors,Madam Acting General Manager of FAGACE,Distinguished guests,Ladies and Gentlemen, I would like to begin by expressing my deep gratitude [&hellip;]<\/p>\n","protected":false},"author":1,"featured_media":13347,"comment_status":"open","ping_status":"open","sticky":false,"template":"","format":"standard","meta":{"_themeisle_gutenberg_block_has_review":false,"footnotes":""},"categories":[62],"tags":[],"class_list":["post-13339","post","type-post","status-publish","format-standard","has-post-thumbnail","hentry","category-discours"],"translation":{"provider":"WPGlobus","version":"2.10.10","language":"en","enabled_languages":["fr","en","ar","pt"],"languages":{"fr":{"title":true,"content":true,"excerpt":false},"en":{"title":true,"content":true,"excerpt":false},"ar":{"title":true,"content":true,"excerpt":false},"pt":{"title":true,"content":true,"excerpt":false}}},"yoast_head":"<!-- This site is optimized with the Yoast SEO plugin v22.7 - https:\/\/yoast.com\/wordpress\/plugins\/seo\/ -->\n<title>SPEECH BY MR AMADOU BA MINISTER OF THE ECONOMY, FINANCE AND PLANNING AT THE 2ND EXTRAORDINARY SESSION OF THE BOARD OF GOVERNORS OF THE AFRICAN GUARANTEE FUND AND ECONOMIC COOPERATION (FAGACE) - FAGACE<\/title>\n<meta name=\"robots\" content=\"index, follow, max-snippet:-1, max-image-preview:large, max-video-preview:-1\" \/>\n<link rel=\"canonical\" href=\"https:\/\/www.fagace.org\/2016\/12\/31\/discours-de-monsieur-amadou-ba-ministre-de-leconomie-des-finances-et-du-plan-a-la-2eme-session-extraordinaire-du-conseil-des-gouverneurs-du-fonds-africain-de-garantie-et-de-la-cooperation-eco\/\" \/>\n<meta property=\"og:locale\" content=\"en_US\" \/>\n<meta property=\"og:type\" content=\"article\" \/>\n<meta property=\"og:title\" content=\"SPEECH BY MR AMADOU BA MINISTER OF THE ECONOMY, FINANCE AND PLANNING AT THE 2ND EXTRAORDINARY SESSION OF THE BOARD OF GOVERNORS OF THE AFRICAN GUARANTEE FUND AND ECONOMIC COOPERATION (FAGACE) - FAGACE\" \/>\n<meta property=\"og:url\" content=\"https:\/\/www.fagace.org\/2016\/12\/31\/discours-de-monsieur-amadou-ba-ministre-de-leconomie-des-finances-et-du-plan-a-la-2eme-session-extraordinaire-du-conseil-des-gouverneurs-du-fonds-africain-de-garantie-et-de-la-cooperation-eco\/\" \/>\n<meta property=\"og:site_name\" content=\"FAGACE\" \/>\n<meta property=\"article:publisher\" content=\"https:\/\/www.facebook.com\/fagaceorg\" \/>\n<meta property=\"article:published_time\" content=\"2016-12-31T11:39:13+00:00\" \/>\n<meta property=\"article:modified_time\" content=\"2024-04-03T13:41:17+00:00\" \/>\n<meta property=\"og:image\" content=\"https:\/\/www.fagace.org\/wp-content\/uploads\/2016\/12\/discours-_0.jpg\" \/>\n\t<meta property=\"og:image:width\" content=\"650\" \/>\n\t<meta property=\"og:image:height\" content=\"463\" \/>\n\t<meta property=\"og:image:type\" content=\"image\/jpeg\" \/>\n<meta name=\"author\" content=\"gbaguididogratias1@gmail.com\" \/>\n<meta name=\"twitter:card\" content=\"summary_large_image\" \/>\n<meta name=\"twitter:creator\" content=\"@Fagace_Officiel\" \/>\n<meta name=\"twitter:site\" content=\"@Fagace_Officiel\" \/>\n<meta name=\"twitter:label1\" content=\"Written by\" \/>\n\t<meta name=\"twitter:data1\" content=\"gbaguididogratias1@gmail.com\" \/>\n\t<meta name=\"twitter:label2\" content=\"Est. reading time\" \/>\n\t<meta name=\"twitter:data2\" content=\"9 minutes\" \/>\n<script type=\"application\/ld+json\" class=\"yoast-schema-graph\">{\"@context\":\"https:\/\/schema.org\",\"@graph\":[{\"@type\":\"Article\",\"@id\":\"https:\/\/www.fagace.org\/2016\/12\/31\/discours-de-monsieur-amadou-ba-ministre-de-leconomie-des-finances-et-du-plan-a-la-2eme-session-extraordinaire-du-conseil-des-gouverneurs-du-fonds-africain-de-garantie-et-de-la-cooperation-eco\/#article\",\"isPartOf\":{\"@id\":\"https:\/\/www.fagace.org\/2016\/12\/31\/discours-de-monsieur-amadou-ba-ministre-de-leconomie-des-finances-et-du-plan-a-la-2eme-session-extraordinaire-du-conseil-des-gouverneurs-du-fonds-africain-de-garantie-et-de-la-cooperation-eco\/\"},\"author\":{\"name\":\"gbaguididogratias1@gmail.com\",\"@id\":\"https:\/\/www.fagace.org\/#\/schema\/person\/14bbfc5c35624503d3123e694c5d1575\"},\"headline\":\"SPEECH BY MR AMADOU BA MINISTER OF THE ECONOMY, FINANCE AND PLANNING AT THE 2ND EXTRAORDINARY SESSION OF THE BOARD OF GOVERNORS OF THE AFRICAN GUARANTEE FUND AND ECONOMIC COOPERATION (FAGACE)\",\"datePublished\":\"2016-12-31T11:39:13+00:00\",\"dateModified\":\"2024-04-03T13:41:17+00:00\",\"mainEntityOfPage\":{\"@id\":\"https:\/\/www.fagace.org\/2016\/12\/31\/discours-de-monsieur-amadou-ba-ministre-de-leconomie-des-finances-et-du-plan-a-la-2eme-session-extraordinaire-du-conseil-des-gouverneurs-du-fonds-africain-de-garantie-et-de-la-cooperation-eco\/\"},\"wordCount\":1953,\"commentCount\":0,\"publisher\":{\"@id\":\"https:\/\/www.fagace.org\/#organization\"},\"image\":{\"@id\":\"https:\/\/www.fagace.org\/2016\/12\/31\/discours-de-monsieur-amadou-ba-ministre-de-leconomie-des-finances-et-du-plan-a-la-2eme-session-extraordinaire-du-conseil-des-gouverneurs-du-fonds-africain-de-garantie-et-de-la-cooperation-eco\/#primaryimage\"},\"thumbnailUrl\":\"https:\/\/www.fagace.org\/wp-content\/uploads\/2016\/12\/discours-_0.jpg\",\"articleSection\":[\"Speeches\"],\"inLanguage\":\"en-US\",\"potentialAction\":[{\"@type\":\"CommentAction\",\"name\":\"Comment\",\"target\":[\"https:\/\/www.fagace.org\/2016\/12\/31\/discours-de-monsieur-amadou-ba-ministre-de-leconomie-des-finances-et-du-plan-a-la-2eme-session-extraordinaire-du-conseil-des-gouverneurs-du-fonds-africain-de-garantie-et-de-la-cooperation-eco\/#respond\"]}]},{\"@type\":\"WebPage\",\"@id\":\"https:\/\/www.fagace.org\/2016\/12\/31\/discours-de-monsieur-amadou-ba-ministre-de-leconomie-des-finances-et-du-plan-a-la-2eme-session-extraordinaire-du-conseil-des-gouverneurs-du-fonds-africain-de-garantie-et-de-la-cooperation-eco\/\",\"url\":\"https:\/\/www.fagace.org\/2016\/12\/31\/discours-de-monsieur-amadou-ba-ministre-de-leconomie-des-finances-et-du-plan-a-la-2eme-session-extraordinaire-du-conseil-des-gouverneurs-du-fonds-africain-de-garantie-et-de-la-cooperation-eco\/\",\"name\":\"SPEECH BY MR AMADOU BA MINISTER OF THE ECONOMY, FINANCE AND PLANNING AT THE 2ND EXTRAORDINARY SESSION OF THE BOARD OF GOVERNORS OF THE AFRICAN GUARANTEE FUND AND ECONOMIC COOPERATION (FAGACE) - FAGACE\",\"isPartOf\":{\"@id\":\"https:\/\/www.fagace.org\/#website\"},\"primaryImageOfPage\":{\"@id\":\"https:\/\/www.fagace.org\/2016\/12\/31\/discours-de-monsieur-amadou-ba-ministre-de-leconomie-des-finances-et-du-plan-a-la-2eme-session-extraordinaire-du-conseil-des-gouverneurs-du-fonds-africain-de-garantie-et-de-la-cooperation-eco\/#primaryimage\"},\"image\":{\"@id\":\"https:\/\/www.fagace.org\/2016\/12\/31\/discours-de-monsieur-amadou-ba-ministre-de-leconomie-des-finances-et-du-plan-a-la-2eme-session-extraordinaire-du-conseil-des-gouverneurs-du-fonds-africain-de-garantie-et-de-la-cooperation-eco\/#primaryimage\"},\"thumbnailUrl\":\"https:\/\/www.fagace.org\/wp-content\/uploads\/2016\/12\/discours-_0.jpg\",\"datePublished\":\"2016-12-31T11:39:13+00:00\",\"dateModified\":\"2024-04-03T13:41:17+00:00\",\"breadcrumb\":{\"@id\":\"https:\/\/www.fagace.org\/2016\/12\/31\/discours-de-monsieur-amadou-ba-ministre-de-leconomie-des-finances-et-du-plan-a-la-2eme-session-extraordinaire-du-conseil-des-gouverneurs-du-fonds-africain-de-garantie-et-de-la-cooperation-eco\/#breadcrumb\"},\"inLanguage\":\"en-US\",\"potentialAction\":[{\"@type\":\"ReadAction\",\"target\":[\"https:\/\/www.fagace.org\/2016\/12\/31\/discours-de-monsieur-amadou-ba-ministre-de-leconomie-des-finances-et-du-plan-a-la-2eme-session-extraordinaire-du-conseil-des-gouverneurs-du-fonds-africain-de-garantie-et-de-la-cooperation-eco\/\"]}]},{\"@type\":\"ImageObject\",\"inLanguage\":\"en-US\",\"@id\":\"https:\/\/www.fagace.org\/2016\/12\/31\/discours-de-monsieur-amadou-ba-ministre-de-leconomie-des-finances-et-du-plan-a-la-2eme-session-extraordinaire-du-conseil-des-gouverneurs-du-fonds-africain-de-garantie-et-de-la-cooperation-eco\/#primaryimage\",\"url\":\"https:\/\/www.fagace.org\/wp-content\/uploads\/2016\/12\/discours-_0.jpg\",\"contentUrl\":\"https:\/\/www.fagace.org\/wp-content\/uploads\/2016\/12\/discours-_0.jpg\",\"width\":650,\"height\":463},{\"@type\":\"BreadcrumbList\",\"@id\":\"https:\/\/www.fagace.org\/2016\/12\/31\/discours-de-monsieur-amadou-ba-ministre-de-leconomie-des-finances-et-du-plan-a-la-2eme-session-extraordinaire-du-conseil-des-gouverneurs-du-fonds-africain-de-garantie-et-de-la-cooperation-eco\/#breadcrumb\",\"itemListElement\":[{\"@type\":\"ListItem\",\"position\":1,\"name\":\"Accueil\",\"item\":\"https:\/\/www.fagace.org\/\"},{\"@type\":\"ListItem\",\"position\":2,\"name\":\"DISCOURS DE MONSIEUR AMADOU BA MINISTRE DE L\u2019ECONOMIE DES FINANCES ET DU PLAN A LA 2EME SESSION EXTRAORDINAIRE DU CONSEIL DES GOUVERNEURS DU FONDS AFRICAIN DE GARANTIE ET DE LA COOP\u00c9RATION ECONOMIQUE (FAGACE)\"}]},{\"@type\":\"WebSite\",\"@id\":\"https:\/\/www.fagace.org\/#website\",\"url\":\"https:\/\/www.fagace.org\/\",\"name\":\"{:fr}FAGACE{:}{:en}FAGACE{:}\",\"description\":\"A Financial Institution at the Service of Development in Africa\",\"publisher\":{\"@id\":\"https:\/\/www.fagace.org\/#organization\"},\"potentialAction\":[{\"@type\":\"SearchAction\",\"target\":{\"@type\":\"EntryPoint\",\"urlTemplate\":\"https:\/\/www.fagace.org\/?s={search_term_string}\"},\"query-input\":\"required name=search_term_string\"}],\"inLanguage\":\"en-US\"},{\"@type\":\"Organization\",\"@id\":\"https:\/\/www.fagace.org\/#organization\",\"name\":\"{:fr}Fonds Africain de Garantie et de Coop\u00e9ration Economique{:}{:en}African Guarantee and Economic Cooperation Fund{:}\",\"url\":\"https:\/\/www.fagace.org\/\",\"logo\":{\"@type\":\"ImageObject\",\"inLanguage\":\"en-US\",\"@id\":\"https:\/\/www.fagace.org\/#\/schema\/logo\/image\/\",\"url\":\"https:\/\/www.fagace.org\/wp-content\/uploads\/2024\/04\/2003.jpg\",\"contentUrl\":\"https:\/\/www.fagace.org\/wp-content\/uploads\/2024\/04\/2003.jpg\",\"width\":580,\"height\":580,\"caption\":\"{:fr}Fonds Africain de Garantie et de Coop\u00e9ration Economique{:}{:en}African Guarantee and Economic Cooperation Fund{:}\"},\"image\":{\"@id\":\"https:\/\/www.fagace.org\/#\/schema\/logo\/image\/\"},\"sameAs\":[\"https:\/\/www.facebook.com\/fagaceorg\",\"https:\/\/x.com\/Fagace_Officiel\"]},{\"@type\":\"Person\",\"@id\":\"https:\/\/www.fagace.org\/#\/schema\/person\/14bbfc5c35624503d3123e694c5d1575\",\"name\":\"gbaguididogratias1@gmail.com\",\"image\":{\"@type\":\"ImageObject\",\"inLanguage\":\"en-US\",\"@id\":\"https:\/\/www.fagace.org\/#\/schema\/person\/image\/\",\"url\":\"https:\/\/secure.gravatar.com\/avatar\/98c69aa7b9e53409d22fa64a62d40da5e971a2c3cd617fce2ffe3978d4f49493?s=96&r=g&d=https:\/\/www.fagace.org\/wp-content\/plugins\/userswp\/assets\/images\/no_profile.png\",\"contentUrl\":\"https:\/\/secure.gravatar.com\/avatar\/98c69aa7b9e53409d22fa64a62d40da5e971a2c3cd617fce2ffe3978d4f49493?s=96&r=g&d=https:\/\/www.fagace.org\/wp-content\/plugins\/userswp\/assets\/images\/no_profile.png\",\"caption\":\"gbaguididogratias1@gmail.com\"},\"sameAs\":[\"https:\/\/www.fagace.org\"],\"url\":\"https:\/\/www.fagace.org\/en\/profile-2\/gbaguididogratias1gmail-com\/\"}]}<\/script>\n<!-- \/ Yoast SEO plugin. -->","yoast_head_json":{"title":"SPEECH BY MR AMADOU BA MINISTER OF THE ECONOMY, FINANCE AND PLANNING AT THE 2ND EXTRAORDINARY SESSION OF THE BOARD OF GOVERNORS OF THE AFRICAN GUARANTEE FUND AND ECONOMIC COOPERATION (FAGACE) - FAGACE","robots":{"index":"index","follow":"follow","max-snippet":"max-snippet:-1","max-image-preview":"max-image-preview:large","max-video-preview":"max-video-preview:-1"},"canonical":"https:\/\/www.fagace.org\/2016\/12\/31\/discours-de-monsieur-amadou-ba-ministre-de-leconomie-des-finances-et-du-plan-a-la-2eme-session-extraordinaire-du-conseil-des-gouverneurs-du-fonds-africain-de-garantie-et-de-la-cooperation-eco\/","og_locale":"en_US","og_type":"article","og_title":"SPEECH BY MR AMADOU BA MINISTER OF THE ECONOMY, FINANCE AND PLANNING AT THE 2ND EXTRAORDINARY SESSION OF THE BOARD OF GOVERNORS OF THE AFRICAN GUARANTEE FUND AND ECONOMIC COOPERATION (FAGACE) - FAGACE","og_url":"https:\/\/www.fagace.org\/2016\/12\/31\/discours-de-monsieur-amadou-ba-ministre-de-leconomie-des-finances-et-du-plan-a-la-2eme-session-extraordinaire-du-conseil-des-gouverneurs-du-fonds-africain-de-garantie-et-de-la-cooperation-eco\/","og_site_name":"FAGACE","article_publisher":"https:\/\/www.facebook.com\/fagaceorg","article_published_time":"2016-12-31T11:39:13+00:00","article_modified_time":"2024-04-03T13:41:17+00:00","og_image":[{"width":650,"height":463,"url":"https:\/\/www.fagace.org\/wp-content\/uploads\/2016\/12\/discours-_0.jpg","type":"image\/jpeg"}],"author":"gbaguididogratias1@gmail.com","twitter_card":"summary_large_image","twitter_creator":"@Fagace_Officiel","twitter_site":"@Fagace_Officiel","twitter_misc":{"Written by":"gbaguididogratias1@gmail.com","Est. reading time":"9 minutes"},"schema":{"@context":"https:\/\/schema.org","@graph":[{"@type":"Article","@id":"https:\/\/www.fagace.org\/2016\/12\/31\/discours-de-monsieur-amadou-ba-ministre-de-leconomie-des-finances-et-du-plan-a-la-2eme-session-extraordinaire-du-conseil-des-gouverneurs-du-fonds-africain-de-garantie-et-de-la-cooperation-eco\/#article","isPartOf":{"@id":"https:\/\/www.fagace.org\/2016\/12\/31\/discours-de-monsieur-amadou-ba-ministre-de-leconomie-des-finances-et-du-plan-a-la-2eme-session-extraordinaire-du-conseil-des-gouverneurs-du-fonds-africain-de-garantie-et-de-la-cooperation-eco\/"},"author":{"name":"gbaguididogratias1@gmail.com","@id":"https:\/\/www.fagace.org\/#\/schema\/person\/14bbfc5c35624503d3123e694c5d1575"},"headline":"SPEECH BY MR AMADOU BA MINISTER OF THE ECONOMY, FINANCE AND PLANNING AT THE 2ND EXTRAORDINARY SESSION OF THE BOARD OF GOVERNORS OF THE AFRICAN GUARANTEE FUND AND ECONOMIC COOPERATION (FAGACE)","datePublished":"2016-12-31T11:39:13+00:00","dateModified":"2024-04-03T13:41:17+00:00","mainEntityOfPage":{"@id":"https:\/\/www.fagace.org\/2016\/12\/31\/discours-de-monsieur-amadou-ba-ministre-de-leconomie-des-finances-et-du-plan-a-la-2eme-session-extraordinaire-du-conseil-des-gouverneurs-du-fonds-africain-de-garantie-et-de-la-cooperation-eco\/"},"wordCount":1953,"commentCount":0,"publisher":{"@id":"https:\/\/www.fagace.org\/#organization"},"image":{"@id":"https:\/\/www.fagace.org\/2016\/12\/31\/discours-de-monsieur-amadou-ba-ministre-de-leconomie-des-finances-et-du-plan-a-la-2eme-session-extraordinaire-du-conseil-des-gouverneurs-du-fonds-africain-de-garantie-et-de-la-cooperation-eco\/#primaryimage"},"thumbnailUrl":"https:\/\/www.fagace.org\/wp-content\/uploads\/2016\/12\/discours-_0.jpg","articleSection":["Speeches"],"inLanguage":"en-US","potentialAction":[{"@type":"CommentAction","name":"Comment","target":["https:\/\/www.fagace.org\/2016\/12\/31\/discours-de-monsieur-amadou-ba-ministre-de-leconomie-des-finances-et-du-plan-a-la-2eme-session-extraordinaire-du-conseil-des-gouverneurs-du-fonds-africain-de-garantie-et-de-la-cooperation-eco\/#respond"]}]},{"@type":"WebPage","@id":"https:\/\/www.fagace.org\/2016\/12\/31\/discours-de-monsieur-amadou-ba-ministre-de-leconomie-des-finances-et-du-plan-a-la-2eme-session-extraordinaire-du-conseil-des-gouverneurs-du-fonds-africain-de-garantie-et-de-la-cooperation-eco\/","url":"https:\/\/www.fagace.org\/2016\/12\/31\/discours-de-monsieur-amadou-ba-ministre-de-leconomie-des-finances-et-du-plan-a-la-2eme-session-extraordinaire-du-conseil-des-gouverneurs-du-fonds-africain-de-garantie-et-de-la-cooperation-eco\/","name":"SPEECH BY MR AMADOU BA MINISTER OF THE ECONOMY, FINANCE AND PLANNING AT THE 2ND EXTRAORDINARY SESSION OF THE BOARD OF GOVERNORS OF THE AFRICAN GUARANTEE FUND AND ECONOMIC COOPERATION (FAGACE) - FAGACE","isPartOf":{"@id":"https:\/\/www.fagace.org\/#website"},"primaryImageOfPage":{"@id":"https:\/\/www.fagace.org\/2016\/12\/31\/discours-de-monsieur-amadou-ba-ministre-de-leconomie-des-finances-et-du-plan-a-la-2eme-session-extraordinaire-du-conseil-des-gouverneurs-du-fonds-africain-de-garantie-et-de-la-cooperation-eco\/#primaryimage"},"image":{"@id":"https:\/\/www.fagace.org\/2016\/12\/31\/discours-de-monsieur-amadou-ba-ministre-de-leconomie-des-finances-et-du-plan-a-la-2eme-session-extraordinaire-du-conseil-des-gouverneurs-du-fonds-africain-de-garantie-et-de-la-cooperation-eco\/#primaryimage"},"thumbnailUrl":"https:\/\/www.fagace.org\/wp-content\/uploads\/2016\/12\/discours-_0.jpg","datePublished":"2016-12-31T11:39:13+00:00","dateModified":"2024-04-03T13:41:17+00:00","breadcrumb":{"@id":"https:\/\/www.fagace.org\/2016\/12\/31\/discours-de-monsieur-amadou-ba-ministre-de-leconomie-des-finances-et-du-plan-a-la-2eme-session-extraordinaire-du-conseil-des-gouverneurs-du-fonds-africain-de-garantie-et-de-la-cooperation-eco\/#breadcrumb"},"inLanguage":"en-US","potentialAction":[{"@type":"ReadAction","target":["https:\/\/www.fagace.org\/2016\/12\/31\/discours-de-monsieur-amadou-ba-ministre-de-leconomie-des-finances-et-du-plan-a-la-2eme-session-extraordinaire-du-conseil-des-gouverneurs-du-fonds-africain-de-garantie-et-de-la-cooperation-eco\/"]}]},{"@type":"ImageObject","inLanguage":"en-US","@id":"https:\/\/www.fagace.org\/2016\/12\/31\/discours-de-monsieur-amadou-ba-ministre-de-leconomie-des-finances-et-du-plan-a-la-2eme-session-extraordinaire-du-conseil-des-gouverneurs-du-fonds-africain-de-garantie-et-de-la-cooperation-eco\/#primaryimage","url":"https:\/\/www.fagace.org\/wp-content\/uploads\/2016\/12\/discours-_0.jpg","contentUrl":"https:\/\/www.fagace.org\/wp-content\/uploads\/2016\/12\/discours-_0.jpg","width":650,"height":463},{"@type":"BreadcrumbList","@id":"https:\/\/www.fagace.org\/2016\/12\/31\/discours-de-monsieur-amadou-ba-ministre-de-leconomie-des-finances-et-du-plan-a-la-2eme-session-extraordinaire-du-conseil-des-gouverneurs-du-fonds-africain-de-garantie-et-de-la-cooperation-eco\/#breadcrumb","itemListElement":[{"@type":"ListItem","position":1,"name":"Accueil","item":"https:\/\/www.fagace.org\/"},{"@type":"ListItem","position":2,"name":"DISCOURS DE MONSIEUR AMADOU BA MINISTRE DE L\u2019ECONOMIE DES FINANCES ET DU PLAN A LA 2EME SESSION EXTRAORDINAIRE DU CONSEIL DES GOUVERNEURS DU FONDS AFRICAIN DE GARANTIE ET DE LA COOP\u00c9RATION ECONOMIQUE (FAGACE)"}]},{"@type":"WebSite","@id":"https:\/\/www.fagace.org\/#website","url":"https:\/\/www.fagace.org\/","name":"{:fr}FAGACE{:}{:en}FAGACE{:}","description":"A Financial Institution at the Service of Development in Africa","publisher":{"@id":"https:\/\/www.fagace.org\/#organization"},"potentialAction":[{"@type":"SearchAction","target":{"@type":"EntryPoint","urlTemplate":"https:\/\/www.fagace.org\/?s={search_term_string}"},"query-input":"required name=search_term_string"}],"inLanguage":"en-US"},{"@type":"Organization","@id":"https:\/\/www.fagace.org\/#organization","name":"{:fr}Fonds Africain de Garantie et de Coop\u00e9ration Economique{:}{:en}African Guarantee and Economic Cooperation Fund{:}","url":"https:\/\/www.fagace.org\/","logo":{"@type":"ImageObject","inLanguage":"en-US","@id":"https:\/\/www.fagace.org\/#\/schema\/logo\/image\/","url":"https:\/\/www.fagace.org\/wp-content\/uploads\/2024\/04\/2003.jpg","contentUrl":"https:\/\/www.fagace.org\/wp-content\/uploads\/2024\/04\/2003.jpg","width":580,"height":580,"caption":"{:fr}Fonds Africain de Garantie et de Coop\u00e9ration Economique{:}{:en}African Guarantee and Economic Cooperation Fund{:}"},"image":{"@id":"https:\/\/www.fagace.org\/#\/schema\/logo\/image\/"},"sameAs":["https:\/\/www.facebook.com\/fagaceorg","https:\/\/x.com\/Fagace_Officiel"]},{"@type":"Person","@id":"https:\/\/www.fagace.org\/#\/schema\/person\/14bbfc5c35624503d3123e694c5d1575","name":"gbaguididogratias1@gmail.com","image":{"@type":"ImageObject","inLanguage":"en-US","@id":"https:\/\/www.fagace.org\/#\/schema\/person\/image\/","url":"https:\/\/secure.gravatar.com\/avatar\/98c69aa7b9e53409d22fa64a62d40da5e971a2c3cd617fce2ffe3978d4f49493?s=96&r=g&d=https:\/\/www.fagace.org\/wp-content\/plugins\/userswp\/assets\/images\/no_profile.png","contentUrl":"https:\/\/secure.gravatar.com\/avatar\/98c69aa7b9e53409d22fa64a62d40da5e971a2c3cd617fce2ffe3978d4f49493?s=96&r=g&d=https:\/\/www.fagace.org\/wp-content\/plugins\/userswp\/assets\/images\/no_profile.png","caption":"gbaguididogratias1@gmail.com"},"sameAs":["https:\/\/www.fagace.org"],"url":"https:\/\/www.fagace.org\/en\/profile-2\/gbaguididogratias1gmail-com\/"}]}},"_links":{"self":[{"href":"https:\/\/www.fagace.org\/en\/wp-json\/wp\/v2\/posts\/13339","targetHints":{"allow":["GET"]}}],"collection":[{"href":"https:\/\/www.fagace.org\/en\/wp-json\/wp\/v2\/posts"}],"about":[{"href":"https:\/\/www.fagace.org\/en\/wp-json\/wp\/v2\/types\/post"}],"author":[{"embeddable":true,"href":"https:\/\/www.fagace.org\/en\/wp-json\/wp\/v2\/users\/1"}],"replies":[{"embeddable":true,"href":"https:\/\/www.fagace.org\/en\/wp-json\/wp\/v2\/comments?post=13339"}],"version-history":[{"count":23,"href":"https:\/\/www.fagace.org\/en\/wp-json\/wp\/v2\/posts\/13339\/revisions"}],"predecessor-version":[{"id":13468,"href":"https:\/\/www.fagace.org\/en\/wp-json\/wp\/v2\/posts\/13339\/revisions\/13468"}],"wp:featuredmedia":[{"embeddable":true,"href":"https:\/\/www.fagace.org\/en\/wp-json\/wp\/v2\/media\/13347"}],"wp:attachment":[{"href":"https:\/\/www.fagace.org\/en\/wp-json\/wp\/v2\/media?parent=13339"}],"wp:term":[{"taxonomy":"category","embeddable":true,"href":"https:\/\/www.fagace.org\/en\/wp-json\/wp\/v2\/categories?post=13339"},{"taxonomy":"post_tag","embeddable":true,"href":"https:\/\/www.fagace.org\/en\/wp-json\/wp\/v2\/tags?post=13339"}],"curies":[{"name":"wp","href":"https:\/\/api.w.org\/{rel}","templated":true}]}}