{"id":16797,"date":"2024-04-30T06:10:36","date_gmt":"2024-04-30T04:10:36","guid":{"rendered":"https:\/\/www.fagace.org\/?p=16797"},"modified":"2024-04-30T11:30:33","modified_gmt":"2024-04-30T09:30:33","slug":"participation-du-directeur-general-du-fagace-aux-assemblees-annuelles-de-la-bm-et-fmi","status":"publish","type":"post","link":"https:\/\/www.fagace.org\/en\/2024\/04\/30\/participation-du-directeur-general-du-fagace-aux-assemblees-annuelles-de-la-bm-et-fmi\/","title":{"rendered":"FAGACE GENERAL MANAGER ATTENDS ANNUAL MEETINGS OF THE WORLD BANK AND THE INTERNATIONAL MONETARY FUND."},"content":{"rendered":"<p>The Managing Director of FAGACE, Mr Ngueto Tira\u00efna Yambaye, took part in the Spring Meetings and Annual Meetings of the World Bank and the International Monetary Fund, held in Washington, USA, from April 15 to 20, 2024.<\/p>\n<p>It was an important opportunity to strengthen relations and exchange views on regional and global economic and financial issues.<\/p>\n<div id='gallery-1' class='gallery galleryid-16797 gallery-columns-1 gallery-size-full'><figure class='gallery-item'>\n\t\t\t<div class='gallery-icon landscape'>\n\t\t\t\t<a href='https:\/\/www.fagace.org\/wp-content\/uploads\/2024\/04\/438640671_919820286608432_2988541397745532200_n.jpg'><img loading=\"lazy\" decoding=\"async\" width=\"1280\" height=\"960\" src=\"https:\/\/www.fagace.org\/wp-content\/uploads\/2024\/04\/438640671_919820286608432_2988541397745532200_n.jpg\" class=\"attachment-full size-full\" alt=\"\" srcset=\"https:\/\/www.fagace.org\/wp-content\/uploads\/2024\/04\/438640671_919820286608432_2988541397745532200_n.jpg 1280w, https:\/\/www.fagace.org\/wp-content\/uploads\/2024\/04\/438640671_919820286608432_2988541397745532200_n-300x225.jpg 300w, https:\/\/www.fagace.org\/wp-content\/uploads\/2024\/04\/438640671_919820286608432_2988541397745532200_n-1024x768.jpg 1024w, https:\/\/www.fagace.org\/wp-content\/uploads\/2024\/04\/438640671_919820286608432_2988541397745532200_n-768x576.jpg 768w, https:\/\/www.fagace.org\/wp-content\/uploads\/2024\/04\/438640671_919820286608432_2988541397745532200_n-600x450.jpg 600w\" sizes=\"auto, (max-width: 1280px) 100vw, 1280px\" \/><\/a>\n\t\t\t<\/div><\/figure><figure class='gallery-item'>\n\t\t\t<div class='gallery-icon portrait'>\n\t\t\t\t<a href='https:\/\/www.fagace.org\/wp-content\/uploads\/2024\/04\/438807945_920602523196875_3395914561748632748_n.jpg'><img loading=\"lazy\" decoding=\"async\" width=\"810\" height=\"1080\" src=\"https:\/\/www.fagace.org\/wp-content\/uploads\/2024\/04\/438807945_920602523196875_3395914561748632748_n.jpg\" class=\"attachment-full size-full\" alt=\"\" srcset=\"https:\/\/www.fagace.org\/wp-content\/uploads\/2024\/04\/438807945_920602523196875_3395914561748632748_n.jpg 810w, https:\/\/www.fagace.org\/wp-content\/uploads\/2024\/04\/438807945_920602523196875_3395914561748632748_n-225x300.jpg 225w, https:\/\/www.fagace.org\/wp-content\/uploads\/2024\/04\/438807945_920602523196875_3395914561748632748_n-768x1024.jpg 768w\" sizes=\"auto, (max-width: 810px) 100vw, 810px\" \/><\/a>\n\t\t\t<\/div><\/figure>\n\t\t<\/div>\n\n<p>On this occasion, experts from the World Bank and the International Monetary Fund (IMF) came together with other experts from around the world to exchange views on new global perspectives for combating poverty.<\/p>\n<p>On the sidelines of the meetings, FAGACE&#8217;s Managing Director, formerly IMF Executive Director for Africa, met with Ms Kristalina Georgieva, Managing Director of the International Monetary Fund, on April 24, 2024. The meeting provided an opportunity to discuss cooperation, economic policies and regional development projects.<\/p>\n","protected":false},"excerpt":{"rendered":"<p>The Managing Director of FAGACE, Mr Ngueto Tira\u00efna Yambaye, took part in the Spring Meetings and Annual Meetings of the World Bank and the International Monetary Fund, held in Washington, USA, from April 15 to 20, 2024.<\/p>\n","protected":false},"author":1,"featured_media":16799,"comment_status":"closed","ping_status":"open","sticky":false,"template":"","format":"standard","meta":{"_themeisle_gutenberg_block_has_review":false,"footnotes":""},"categories":[51],"tags":[],"class_list":["post-16797","post","type-post","status-publish","format-standard","has-post-thumbnail","hentry","category-actualites-du-fagace"],"translation":{"provider":"WPGlobus","version":"2.10.10","language":"en","enabled_languages":["fr","en","ar","pt"],"languages":{"fr":{"title":true,"content":true,"excerpt":true},"en":{"title":true,"content":true,"excerpt":true},"ar":{"title":true,"content":true,"excerpt":true},"pt":{"title":true,"content":true,"excerpt":true}}},"yoast_head":"<!-- This site is optimized with the Yoast SEO plugin v22.7 - https:\/\/yoast.com\/wordpress\/plugins\/seo\/ -->\n<title>FAGACE GENERAL MANAGER ATTENDS ANNUAL MEETINGS OF THE WORLD BANK AND THE INTERNATIONAL MONETARY FUND. - FAGACE<\/title>\n<meta name=\"robots\" content=\"index, follow, max-snippet:-1, max-image-preview:large, max-video-preview:-1\" \/>\n<link rel=\"canonical\" href=\"https:\/\/www.fagace.org\/2024\/04\/30\/participation-du-directeur-general-du-fagace-aux-assemblees-annuelles-de-la-bm-et-fmi\/\" \/>\n<meta property=\"og:locale\" content=\"en_US\" \/>\n<meta property=\"og:type\" content=\"article\" \/>\n<meta property=\"og:title\" content=\"FAGACE GENERAL MANAGER ATTENDS ANNUAL MEETINGS OF THE WORLD BANK AND THE INTERNATIONAL MONETARY FUND. - FAGACE\" \/>\n<meta property=\"og:url\" content=\"https:\/\/www.fagace.org\/2024\/04\/30\/participation-du-directeur-general-du-fagace-aux-assemblees-annuelles-de-la-bm-et-fmi\/\" \/>\n<meta property=\"og:site_name\" content=\"FAGACE\" \/>\n<meta property=\"article:publisher\" content=\"https:\/\/www.facebook.com\/fagaceorg\" \/>\n<meta property=\"article:published_time\" content=\"2024-04-30T04:10:36+00:00\" \/>\n<meta property=\"article:modified_time\" content=\"2024-04-30T09:30:33+00:00\" \/>\n<meta property=\"og:image\" content=\"https:\/\/www.fagace.org\/wp-content\/uploads\/2024\/04\/COVER-FAGACE-BM-et-FMI-OK.png\" \/>\n\t<meta property=\"og:image:width\" content=\"607\" \/>\n\t<meta property=\"og:image:height\" content=\"405\" \/>\n\t<meta property=\"og:image:type\" content=\"image\/png\" \/>\n<meta name=\"author\" content=\"gbaguididogratias1@gmail.com\" \/>\n<meta name=\"twitter:card\" content=\"summary_large_image\" \/>\n<meta name=\"twitter:creator\" content=\"@Fagace_Officiel\" \/>\n<meta name=\"twitter:site\" content=\"@Fagace_Officiel\" \/>\n<meta name=\"twitter:label1\" content=\"Written by\" \/>\n\t<meta name=\"twitter:data1\" content=\"gbaguididogratias1@gmail.com\" \/>\n\t<meta name=\"twitter:label2\" content=\"Est. reading time\" \/>\n\t<meta name=\"twitter:data2\" content=\"2 minutes\" \/>\n<script type=\"application\/ld+json\" class=\"yoast-schema-graph\">{\"@context\":\"https:\/\/schema.org\",\"@graph\":[{\"@type\":\"Article\",\"@id\":\"https:\/\/www.fagace.org\/2024\/04\/30\/participation-du-directeur-general-du-fagace-aux-assemblees-annuelles-de-la-bm-et-fmi\/#article\",\"isPartOf\":{\"@id\":\"https:\/\/www.fagace.org\/2024\/04\/30\/participation-du-directeur-general-du-fagace-aux-assemblees-annuelles-de-la-bm-et-fmi\/\"},\"author\":{\"name\":\"gbaguididogratias1@gmail.com\",\"@id\":\"https:\/\/www.fagace.org\/#\/schema\/person\/14bbfc5c35624503d3123e694c5d1575\"},\"headline\":\"FAGACE GENERAL MANAGER ATTENDS ANNUAL MEETINGS OF THE WORLD BANK AND THE INTERNATIONAL MONETARY FUND.\",\"datePublished\":\"2024-04-30T04:10:36+00:00\",\"dateModified\":\"2024-04-30T09:30:33+00:00\",\"mainEntityOfPage\":{\"@id\":\"https:\/\/www.fagace.org\/2024\/04\/30\/participation-du-directeur-general-du-fagace-aux-assemblees-annuelles-de-la-bm-et-fmi\/\"},\"wordCount\":527,\"publisher\":{\"@id\":\"https:\/\/www.fagace.org\/#organization\"},\"image\":{\"@id\":\"https:\/\/www.fagace.org\/2024\/04\/30\/participation-du-directeur-general-du-fagace-aux-assemblees-annuelles-de-la-bm-et-fmi\/#primaryimage\"},\"thumbnailUrl\":\"https:\/\/www.fagace.org\/wp-content\/uploads\/2024\/04\/COVER-FAGACE-BM-et-FMI-OK.png\",\"articleSection\":[\"News of FAGACE\"],\"inLanguage\":\"en-US\"},{\"@type\":\"WebPage\",\"@id\":\"https:\/\/www.fagace.org\/2024\/04\/30\/participation-du-directeur-general-du-fagace-aux-assemblees-annuelles-de-la-bm-et-fmi\/\",\"url\":\"https:\/\/www.fagace.org\/2024\/04\/30\/participation-du-directeur-general-du-fagace-aux-assemblees-annuelles-de-la-bm-et-fmi\/\",\"name\":\"FAGACE GENERAL MANAGER ATTENDS ANNUAL MEETINGS OF THE WORLD BANK AND THE INTERNATIONAL MONETARY FUND. - FAGACE\",\"isPartOf\":{\"@id\":\"https:\/\/www.fagace.org\/#website\"},\"primaryImageOfPage\":{\"@id\":\"https:\/\/www.fagace.org\/2024\/04\/30\/participation-du-directeur-general-du-fagace-aux-assemblees-annuelles-de-la-bm-et-fmi\/#primaryimage\"},\"image\":{\"@id\":\"https:\/\/www.fagace.org\/2024\/04\/30\/participation-du-directeur-general-du-fagace-aux-assemblees-annuelles-de-la-bm-et-fmi\/#primaryimage\"},\"thumbnailUrl\":\"https:\/\/www.fagace.org\/wp-content\/uploads\/2024\/04\/COVER-FAGACE-BM-et-FMI-OK.png\",\"datePublished\":\"2024-04-30T04:10:36+00:00\",\"dateModified\":\"2024-04-30T09:30:33+00:00\",\"breadcrumb\":{\"@id\":\"https:\/\/www.fagace.org\/2024\/04\/30\/participation-du-directeur-general-du-fagace-aux-assemblees-annuelles-de-la-bm-et-fmi\/#breadcrumb\"},\"inLanguage\":\"en-US\",\"potentialAction\":[{\"@type\":\"ReadAction\",\"target\":[\"https:\/\/www.fagace.org\/2024\/04\/30\/participation-du-directeur-general-du-fagace-aux-assemblees-annuelles-de-la-bm-et-fmi\/\"]}]},{\"@type\":\"ImageObject\",\"inLanguage\":\"en-US\",\"@id\":\"https:\/\/www.fagace.org\/2024\/04\/30\/participation-du-directeur-general-du-fagace-aux-assemblees-annuelles-de-la-bm-et-fmi\/#primaryimage\",\"url\":\"https:\/\/www.fagace.org\/wp-content\/uploads\/2024\/04\/COVER-FAGACE-BM-et-FMI-OK.png\",\"contentUrl\":\"https:\/\/www.fagace.org\/wp-content\/uploads\/2024\/04\/COVER-FAGACE-BM-et-FMI-OK.png\",\"width\":607,\"height\":405},{\"@type\":\"BreadcrumbList\",\"@id\":\"https:\/\/www.fagace.org\/2024\/04\/30\/participation-du-directeur-general-du-fagace-aux-assemblees-annuelles-de-la-bm-et-fmi\/#breadcrumb\",\"itemListElement\":[{\"@type\":\"ListItem\",\"position\":1,\"name\":\"Accueil\",\"item\":\"https:\/\/www.fagace.org\/\"},{\"@type\":\"ListItem\",\"position\":2,\"name\":\"PARTICIPATION DU DIRECTEUR G\u00c9N\u00c9RAL DU FAGACE AUX ASSEMBL\u00c9ES ANNUELLES DE LA BANQUE MONDIALE ET DU FONDS MON\u00c9TAIRE INTERNATIONAL.\"}]},{\"@type\":\"WebSite\",\"@id\":\"https:\/\/www.fagace.org\/#website\",\"url\":\"https:\/\/www.fagace.org\/\",\"name\":\"{:fr}FAGACE{:}{:en}FAGACE{:}\",\"description\":\"A Financial Institution at the Service of Development in Africa\",\"publisher\":{\"@id\":\"https:\/\/www.fagace.org\/#organization\"},\"potentialAction\":[{\"@type\":\"SearchAction\",\"target\":{\"@type\":\"EntryPoint\",\"urlTemplate\":\"https:\/\/www.fagace.org\/?s={search_term_string}\"},\"query-input\":\"required name=search_term_string\"}],\"inLanguage\":\"en-US\"},{\"@type\":\"Organization\",\"@id\":\"https:\/\/www.fagace.org\/#organization\",\"name\":\"{:fr}Fonds Africain de Garantie et de Coop\u00e9ration Economique{:}{:en}African Guarantee and Economic Cooperation Fund{:}\",\"url\":\"https:\/\/www.fagace.org\/\",\"logo\":{\"@type\":\"ImageObject\",\"inLanguage\":\"en-US\",\"@id\":\"https:\/\/www.fagace.org\/#\/schema\/logo\/image\/\",\"url\":\"https:\/\/www.fagace.org\/wp-content\/uploads\/2024\/04\/2003.jpg\",\"contentUrl\":\"https:\/\/www.fagace.org\/wp-content\/uploads\/2024\/04\/2003.jpg\",\"width\":580,\"height\":580,\"caption\":\"{:fr}Fonds Africain de Garantie et de Coop\u00e9ration Economique{:}{:en}African Guarantee and Economic Cooperation Fund{:}\"},\"image\":{\"@id\":\"https:\/\/www.fagace.org\/#\/schema\/logo\/image\/\"},\"sameAs\":[\"https:\/\/www.facebook.com\/fagaceorg\",\"https:\/\/x.com\/Fagace_Officiel\"]},{\"@type\":\"Person\",\"@id\":\"https:\/\/www.fagace.org\/#\/schema\/person\/14bbfc5c35624503d3123e694c5d1575\",\"name\":\"gbaguididogratias1@gmail.com\",\"image\":{\"@type\":\"ImageObject\",\"inLanguage\":\"en-US\",\"@id\":\"https:\/\/www.fagace.org\/#\/schema\/person\/image\/\",\"url\":\"https:\/\/secure.gravatar.com\/avatar\/98c69aa7b9e53409d22fa64a62d40da5e971a2c3cd617fce2ffe3978d4f49493?s=96&r=g&d=https:\/\/www.fagace.org\/wp-content\/plugins\/userswp\/assets\/images\/no_profile.png\",\"contentUrl\":\"https:\/\/secure.gravatar.com\/avatar\/98c69aa7b9e53409d22fa64a62d40da5e971a2c3cd617fce2ffe3978d4f49493?s=96&r=g&d=https:\/\/www.fagace.org\/wp-content\/plugins\/userswp\/assets\/images\/no_profile.png\",\"caption\":\"gbaguididogratias1@gmail.com\"},\"sameAs\":[\"https:\/\/www.fagace.org\"],\"url\":\"https:\/\/www.fagace.org\/en\/profile-2\/gbaguididogratias1gmail-com\/\"}]}<\/script>\n<!-- \/ Yoast SEO plugin. -->","yoast_head_json":{"title":"FAGACE GENERAL MANAGER ATTENDS ANNUAL MEETINGS OF THE WORLD BANK AND THE INTERNATIONAL MONETARY FUND. - FAGACE","robots":{"index":"index","follow":"follow","max-snippet":"max-snippet:-1","max-image-preview":"max-image-preview:large","max-video-preview":"max-video-preview:-1"},"canonical":"https:\/\/www.fagace.org\/2024\/04\/30\/participation-du-directeur-general-du-fagace-aux-assemblees-annuelles-de-la-bm-et-fmi\/","og_locale":"en_US","og_type":"article","og_title":"FAGACE GENERAL MANAGER ATTENDS ANNUAL MEETINGS OF THE WORLD BANK AND THE INTERNATIONAL MONETARY FUND. - FAGACE","og_url":"https:\/\/www.fagace.org\/2024\/04\/30\/participation-du-directeur-general-du-fagace-aux-assemblees-annuelles-de-la-bm-et-fmi\/","og_site_name":"FAGACE","article_publisher":"https:\/\/www.facebook.com\/fagaceorg","article_published_time":"2024-04-30T04:10:36+00:00","article_modified_time":"2024-04-30T09:30:33+00:00","og_image":[{"width":607,"height":405,"url":"https:\/\/www.fagace.org\/wp-content\/uploads\/2024\/04\/COVER-FAGACE-BM-et-FMI-OK.png","type":"image\/png"}],"author":"gbaguididogratias1@gmail.com","twitter_card":"summary_large_image","twitter_creator":"@Fagace_Officiel","twitter_site":"@Fagace_Officiel","twitter_misc":{"Written by":"gbaguididogratias1@gmail.com","Est. reading time":"2 minutes"},"schema":{"@context":"https:\/\/schema.org","@graph":[{"@type":"Article","@id":"https:\/\/www.fagace.org\/2024\/04\/30\/participation-du-directeur-general-du-fagace-aux-assemblees-annuelles-de-la-bm-et-fmi\/#article","isPartOf":{"@id":"https:\/\/www.fagace.org\/2024\/04\/30\/participation-du-directeur-general-du-fagace-aux-assemblees-annuelles-de-la-bm-et-fmi\/"},"author":{"name":"gbaguididogratias1@gmail.com","@id":"https:\/\/www.fagace.org\/#\/schema\/person\/14bbfc5c35624503d3123e694c5d1575"},"headline":"FAGACE GENERAL MANAGER ATTENDS ANNUAL MEETINGS OF THE WORLD BANK AND THE INTERNATIONAL MONETARY FUND.","datePublished":"2024-04-30T04:10:36+00:00","dateModified":"2024-04-30T09:30:33+00:00","mainEntityOfPage":{"@id":"https:\/\/www.fagace.org\/2024\/04\/30\/participation-du-directeur-general-du-fagace-aux-assemblees-annuelles-de-la-bm-et-fmi\/"},"wordCount":527,"publisher":{"@id":"https:\/\/www.fagace.org\/#organization"},"image":{"@id":"https:\/\/www.fagace.org\/2024\/04\/30\/participation-du-directeur-general-du-fagace-aux-assemblees-annuelles-de-la-bm-et-fmi\/#primaryimage"},"thumbnailUrl":"https:\/\/www.fagace.org\/wp-content\/uploads\/2024\/04\/COVER-FAGACE-BM-et-FMI-OK.png","articleSection":["News of FAGACE"],"inLanguage":"en-US"},{"@type":"WebPage","@id":"https:\/\/www.fagace.org\/2024\/04\/30\/participation-du-directeur-general-du-fagace-aux-assemblees-annuelles-de-la-bm-et-fmi\/","url":"https:\/\/www.fagace.org\/2024\/04\/30\/participation-du-directeur-general-du-fagace-aux-assemblees-annuelles-de-la-bm-et-fmi\/","name":"FAGACE GENERAL MANAGER ATTENDS ANNUAL MEETINGS OF THE WORLD BANK AND THE INTERNATIONAL MONETARY FUND. - FAGACE","isPartOf":{"@id":"https:\/\/www.fagace.org\/#website"},"primaryImageOfPage":{"@id":"https:\/\/www.fagace.org\/2024\/04\/30\/participation-du-directeur-general-du-fagace-aux-assemblees-annuelles-de-la-bm-et-fmi\/#primaryimage"},"image":{"@id":"https:\/\/www.fagace.org\/2024\/04\/30\/participation-du-directeur-general-du-fagace-aux-assemblees-annuelles-de-la-bm-et-fmi\/#primaryimage"},"thumbnailUrl":"https:\/\/www.fagace.org\/wp-content\/uploads\/2024\/04\/COVER-FAGACE-BM-et-FMI-OK.png","datePublished":"2024-04-30T04:10:36+00:00","dateModified":"2024-04-30T09:30:33+00:00","breadcrumb":{"@id":"https:\/\/www.fagace.org\/2024\/04\/30\/participation-du-directeur-general-du-fagace-aux-assemblees-annuelles-de-la-bm-et-fmi\/#breadcrumb"},"inLanguage":"en-US","potentialAction":[{"@type":"ReadAction","target":["https:\/\/www.fagace.org\/2024\/04\/30\/participation-du-directeur-general-du-fagace-aux-assemblees-annuelles-de-la-bm-et-fmi\/"]}]},{"@type":"ImageObject","inLanguage":"en-US","@id":"https:\/\/www.fagace.org\/2024\/04\/30\/participation-du-directeur-general-du-fagace-aux-assemblees-annuelles-de-la-bm-et-fmi\/#primaryimage","url":"https:\/\/www.fagace.org\/wp-content\/uploads\/2024\/04\/COVER-FAGACE-BM-et-FMI-OK.png","contentUrl":"https:\/\/www.fagace.org\/wp-content\/uploads\/2024\/04\/COVER-FAGACE-BM-et-FMI-OK.png","width":607,"height":405},{"@type":"BreadcrumbList","@id":"https:\/\/www.fagace.org\/2024\/04\/30\/participation-du-directeur-general-du-fagace-aux-assemblees-annuelles-de-la-bm-et-fmi\/#breadcrumb","itemListElement":[{"@type":"ListItem","position":1,"name":"Accueil","item":"https:\/\/www.fagace.org\/"},{"@type":"ListItem","position":2,"name":"PARTICIPATION DU DIRECTEUR G\u00c9N\u00c9RAL DU FAGACE AUX ASSEMBL\u00c9ES ANNUELLES DE LA BANQUE MONDIALE ET DU FONDS MON\u00c9TAIRE INTERNATIONAL."}]},{"@type":"WebSite","@id":"https:\/\/www.fagace.org\/#website","url":"https:\/\/www.fagace.org\/","name":"{:fr}FAGACE{:}{:en}FAGACE{:}","description":"A Financial Institution at the Service of Development in Africa","publisher":{"@id":"https:\/\/www.fagace.org\/#organization"},"potentialAction":[{"@type":"SearchAction","target":{"@type":"EntryPoint","urlTemplate":"https:\/\/www.fagace.org\/?s={search_term_string}"},"query-input":"required name=search_term_string"}],"inLanguage":"en-US"},{"@type":"Organization","@id":"https:\/\/www.fagace.org\/#organization","name":"{:fr}Fonds Africain de Garantie et de Coop\u00e9ration Economique{:}{:en}African Guarantee and Economic Cooperation Fund{:}","url":"https:\/\/www.fagace.org\/","logo":{"@type":"ImageObject","inLanguage":"en-US","@id":"https:\/\/www.fagace.org\/#\/schema\/logo\/image\/","url":"https:\/\/www.fagace.org\/wp-content\/uploads\/2024\/04\/2003.jpg","contentUrl":"https:\/\/www.fagace.org\/wp-content\/uploads\/2024\/04\/2003.jpg","width":580,"height":580,"caption":"{:fr}Fonds Africain de Garantie et de Coop\u00e9ration Economique{:}{:en}African Guarantee and Economic Cooperation Fund{:}"},"image":{"@id":"https:\/\/www.fagace.org\/#\/schema\/logo\/image\/"},"sameAs":["https:\/\/www.facebook.com\/fagaceorg","https:\/\/x.com\/Fagace_Officiel"]},{"@type":"Person","@id":"https:\/\/www.fagace.org\/#\/schema\/person\/14bbfc5c35624503d3123e694c5d1575","name":"gbaguididogratias1@gmail.com","image":{"@type":"ImageObject","inLanguage":"en-US","@id":"https:\/\/www.fagace.org\/#\/schema\/person\/image\/","url":"https:\/\/secure.gravatar.com\/avatar\/98c69aa7b9e53409d22fa64a62d40da5e971a2c3cd617fce2ffe3978d4f49493?s=96&r=g&d=https:\/\/www.fagace.org\/wp-content\/plugins\/userswp\/assets\/images\/no_profile.png","contentUrl":"https:\/\/secure.gravatar.com\/avatar\/98c69aa7b9e53409d22fa64a62d40da5e971a2c3cd617fce2ffe3978d4f49493?s=96&r=g&d=https:\/\/www.fagace.org\/wp-content\/plugins\/userswp\/assets\/images\/no_profile.png","caption":"gbaguididogratias1@gmail.com"},"sameAs":["https:\/\/www.fagace.org"],"url":"https:\/\/www.fagace.org\/en\/profile-2\/gbaguididogratias1gmail-com\/"}]}},"_links":{"self":[{"href":"https:\/\/www.fagace.org\/en\/wp-json\/wp\/v2\/posts\/16797","targetHints":{"allow":["GET"]}}],"collection":[{"href":"https:\/\/www.fagace.org\/en\/wp-json\/wp\/v2\/posts"}],"about":[{"href":"https:\/\/www.fagace.org\/en\/wp-json\/wp\/v2\/types\/post"}],"author":[{"embeddable":true,"href":"https:\/\/www.fagace.org\/en\/wp-json\/wp\/v2\/users\/1"}],"replies":[{"embeddable":true,"href":"https:\/\/www.fagace.org\/en\/wp-json\/wp\/v2\/comments?post=16797"}],"version-history":[{"count":17,"href":"https:\/\/www.fagace.org\/en\/wp-json\/wp\/v2\/posts\/16797\/revisions"}],"predecessor-version":[{"id":16877,"href":"https:\/\/www.fagace.org\/en\/wp-json\/wp\/v2\/posts\/16797\/revisions\/16877"}],"wp:featuredmedia":[{"embeddable":true,"href":"https:\/\/www.fagace.org\/en\/wp-json\/wp\/v2\/media\/16799"}],"wp:attachment":[{"href":"https:\/\/www.fagace.org\/en\/wp-json\/wp\/v2\/media?parent=16797"}],"wp:term":[{"taxonomy":"category","embeddable":true,"href":"https:\/\/www.fagace.org\/en\/wp-json\/wp\/v2\/categories?post=16797"},{"taxonomy":"post_tag","embeddable":true,"href":"https:\/\/www.fagace.org\/en\/wp-json\/wp\/v2\/tags?post=16797"}],"curies":[{"name":"wp","href":"https:\/\/api.w.org\/{rel}","templated":true}]}}