{"id":13367,"date":"2018-08-16T13:08:47","date_gmt":"2018-08-16T11:08:47","guid":{"rendered":"https:\/\/www.fagace.org\/?p=13367"},"modified":"2024-04-03T16:09:41","modified_gmt":"2024-04-03T14:09:41","slug":"allocution-du-president-en-exercice-du-conseil-dadministration-a-la-40eme-session-ordinaire-du-conseil-dadministration","status":"publish","type":"post","link":"https:\/\/www.fagace.org\/pt\/2018\/08\/16\/allocution-du-president-en-exercice-du-conseil-dadministration-a-la-40eme-session-ordinaire-du-conseil-dadministration\/","title":{"rendered":"Interven\u00e7\u00e3o do atual Presidente do Conselho de Administra\u00e7\u00e3o na 40\u00aa sess\u00e3o ordin\u00e1ria do Conselho de Administra\u00e7\u00e3o"},"content":{"rendered":"\t\t<div data-elementor-type=\"wp-post\" data-elementor-id=\"13367\" class=\"elementor elementor-13367\">\n\t\t\t\t\t\t\t        <section class=\"elementor-section elementor-top-section elementor-element elementor-element-6cb6ea06 elementor-section-boxed elementor-section-height-default elementor-section-height-default\" data-id=\"6cb6ea06\" data-element_type=\"section\">\n            \n                        <div class=\"elementor-container elementor-column-gap-default \">\n                    <div class=\"elementor-column elementor-col-100 elementor-top-column elementor-element elementor-element-274ec033\" data-id=\"274ec033\" data-element_type=\"column\">\n            <div class=\"elementor-widget-wrap elementor-element-populated\">\n                        \t\t<div class=\"elementor-element elementor-element-43d08939 elementor-widget elementor-widget-text-editor\" data-id=\"43d08939\" data-element_type=\"widget\" data-widget_type=\"text-editor.default\">\n\t\t\t\t<div class=\"elementor-widget-container\">\n\t\t\t<style>\/*! elementor - v3.12.1 - 02-04-2023 *\/\n.elementor-widget-text-editor.elementor-drop-cap-view-stacked .elementor-drop-cap{background-color:#69727d;color:#fff}.elementor-widget-text-editor.elementor-drop-cap-view-framed .elementor-drop-cap{color:#69727d;border:3px solid;background-color:transparent}.elementor-widget-text-editor:not(.elementor-drop-cap-view-default) .elementor-drop-cap{margin-top:8px}.elementor-widget-text-editor:not(.elementor-drop-cap-view-default) .elementor-drop-cap-letter{width:1em;height:1em}.elementor-widget-text-editor .elementor-drop-cap{float:left;text-align:center;line-height:1;font-size:50px}.elementor-widget-text-editor .elementor-drop-cap-letter{display:inline-block}<\/style>\t\t\t\t<p>Minhas Senhoras e meus Senhores, Directores, Colegas,<br \/>Senhor Diretor-Geral da FAGACE,<br \/>Minhas Senhoras e meus Senhores,<\/p><p>Permitam-me, antes de mais, que agrade\u00e7a \u00e0s autoridades ruandesas por terem gentilmente convidado o FAGACE a realizar as suas reuni\u00f5es do Conselho de Administra\u00e7\u00e3o neste belo e magn\u00edfico pa\u00eds.<\/p><p>Este convite \u00e9 mais uma prova do seu empenhamento no FAGACE enquanto instrumento de desenvolvimento, do qual o Ruanda \u00e9 membro fundador.<\/p><p>Permitam-me ent\u00e3o que vos deseje, caros Colegas, umas calorosas boas-vindas \u00e0 Rep\u00fablica do Ruanda.<\/p><p>Gostaria de vos agradecer a todos por terem aceite fazer a viagem at\u00e9 Kigali, apesar das vossas agendas preenchidas, a fim de participarem nestas reuni\u00f5es, que ir\u00e3o debater quest\u00f5es importantes para a vida da nossa institui\u00e7\u00e3o comum.<\/p><p>Senhores Directores, \u00e9 para mim um prazer renovado presidir hoje \u00e0 40\u00aa sess\u00e3o ordin\u00e1ria do nosso Conselho de Administra\u00e7\u00e3o.<\/p><p>Caros colegas,<br \/>Minhas senhoras e meus senhores,<\/p><p>O Plano Estrat\u00e9gico Quadrienal 2012-2015 adotado pelo Conselho de Governadores \u00e9 uma verdadeira b\u00fassola para o desenvolvimento da institui\u00e7\u00e3o. Na sua implementa\u00e7\u00e3o, dever\u00e1 permitir, entre outras coisas, (i) o refor\u00e7o da governa\u00e7\u00e3o, (ii) o refor\u00e7o dos fundos pr\u00f3prios da Institui\u00e7\u00e3o, (iii) o relan\u00e7amento e a diversifica\u00e7\u00e3o das actividades operacionais, (iv) o posicionamento da FAGACE como parceiro estrat\u00e9gico de desenvolvimento nos Estados-Membros.<\/p><p>Hoje, podemos, pois, congratular-nos :<\/p><p>&#8211; o refor\u00e7o do controlo interno atrav\u00e9s da efic\u00e1cia de um Comit\u00e9 de Auditoria que se re\u00fane de seis em seis (06) meses para avaliar a gest\u00e3o da nossa Institui\u00e7\u00e3o,<br \/>&#8211; a melhoria do n\u00edvel dos fundos pr\u00f3prios gra\u00e7as \u00e0 reorganiza\u00e7\u00e3o da carteira e aos resultados rent\u00e1veis registados,<br \/>&#8211; o relan\u00e7amento das actividades de garantia e de bonifica\u00e7\u00e3o de juros,<br \/>&#8211; a ado\u00e7\u00e3o de textos que regem o financiamento direto e<br \/>&#8211; a realiza\u00e7\u00e3o de uma emiss\u00e3o de obriga\u00e7\u00f5es no mercado financeiro da CEMAC.<\/p><p>Minhas Senhoras e Meus Senhores<br \/>Minhas senhoras e meus senhores,<\/p><p>No entanto, a nossa institui\u00e7\u00e3o comum de desenvolvimento continua a ter de enfrentar v\u00e1rios desafios, nomeadamente o de refor\u00e7ar os seus recursos para responder aos pedidos crescentes dos Estados membros, tanto em termos de garantias como de financiamentos directos.<\/p><p>Assim, os pontos da ordem de trabalhos da presente sess\u00e3o, nomeadamente o relat\u00f3rio de actividades de 2013, as demonstra\u00e7\u00f5es financeiras de 2013, as novas interven\u00e7\u00f5es e, em especial, o aumento do capital social, que dar\u00e1 um novo impulso ao FAGACE, dever\u00e3o ser analisados \u00e0 luz do contexto atual do Fundo.<\/p><p>Senhores Directores, Caros Colegas,<\/p><p>Continuo convencido de que, tal como no passado, seremos capazes de demonstrar um forte sentido de responsabilidade para dar um novo impulso \u00e0 nossa Institui\u00e7\u00e3o e permitir-lhe consolidar as suas realiza\u00e7\u00f5es e continuar a sua recupera\u00e7\u00e3o de acordo com as orienta\u00e7\u00f5es do Plano Estrat\u00e9gico Quadrienal 2012-2015.<\/p><p>Desejo que o nosso trabalho seja coroado de \u00eaxito.<\/p><p>Muito obrigado.<\/p>\t\t\t\t\t\t<\/div>\n\t\t\t\t<\/div>\n\t\t            <\/div>\n        <\/div>\n                            <\/div>\n        <\/section>\n        \t\t\t\t\t<\/div>\n\t\t","protected":false},"excerpt":{"rendered":"<p>Minhas Senhoras e meus Senhores, Directores, Colegas,Senhor Diretor-Geral da FAGACE,Minhas Senhoras e meus Senhores, Permitam-me, antes de mais, que agrade\u00e7a \u00e0s autoridades ruandesas por terem gentilmente convidado o FAGACE a [&hellip;]<\/p>\n","protected":false},"author":1,"featured_media":0,"comment_status":"open","ping_status":"open","sticky":false,"template":"","format":"standard","meta":{"_themeisle_gutenberg_block_has_review":false,"footnotes":""},"categories":[62],"tags":[],"class_list":["post-13367","post","type-post","status-publish","format-standard","hentry","category-discours"],"translation":{"provider":"WPGlobus","version":"2.10.10","language":"pt","enabled_languages":["fr","en","ar","pt"],"languages":{"fr":{"title":true,"content":true,"excerpt":false},"en":{"title":true,"content":true,"excerpt":false},"ar":{"title":true,"content":true,"excerpt":false},"pt":{"title":true,"content":true,"excerpt":false}}},"yoast_head":"<!-- This site is optimized with the Yoast SEO plugin v22.7 - https:\/\/yoast.com\/wordpress\/plugins\/seo\/ -->\n<title>Interven\u00e7\u00e3o do atual Presidente do Conselho de Administra\u00e7\u00e3o na 40\u00aa sess\u00e3o ordin\u00e1ria do Conselho de Administra\u00e7\u00e3o - FAGACE<\/title>\n<meta name=\"robots\" content=\"index, follow, max-snippet:-1, max-image-preview:large, max-video-preview:-1\" \/>\n<link rel=\"canonical\" href=\"https:\/\/www.fagace.org\/2018\/08\/16\/allocution-du-president-en-exercice-du-conseil-dadministration-a-la-40eme-session-ordinaire-du-conseil-dadministration\/\" \/>\n<meta property=\"og:locale\" content=\"pt_PT\" \/>\n<meta property=\"og:type\" content=\"article\" \/>\n<meta property=\"og:title\" content=\"Interven\u00e7\u00e3o do atual Presidente do Conselho de Administra\u00e7\u00e3o na 40\u00aa sess\u00e3o ordin\u00e1ria do Conselho de Administra\u00e7\u00e3o - FAGACE\" \/>\n<meta property=\"og:url\" content=\"https:\/\/www.fagace.org\/2018\/08\/16\/allocution-du-president-en-exercice-du-conseil-dadministration-a-la-40eme-session-ordinaire-du-conseil-dadministration\/\" \/>\n<meta property=\"og:site_name\" content=\"FAGACE\" \/>\n<meta property=\"article:publisher\" content=\"https:\/\/www.facebook.com\/fagaceorg\" \/>\n<meta property=\"article:published_time\" content=\"2018-08-16T11:08:47+00:00\" \/>\n<meta property=\"article:modified_time\" content=\"2024-04-03T14:09:41+00:00\" \/>\n<meta name=\"author\" content=\"gbaguididogratias1@gmail.com\" \/>\n<meta name=\"twitter:card\" content=\"summary_large_image\" \/>\n<meta name=\"twitter:creator\" content=\"@Fagace_Officiel\" \/>\n<meta name=\"twitter:site\" content=\"@Fagace_Officiel\" \/>\n<meta name=\"twitter:label1\" content=\"Written by\" \/>\n\t<meta name=\"twitter:data1\" content=\"gbaguididogratias1@gmail.com\" \/>\n\t<meta name=\"twitter:label2\" content=\"Est. reading time\" \/>\n\t<meta name=\"twitter:data2\" content=\"7 minutes\" \/>\n<script type=\"application\/ld+json\" class=\"yoast-schema-graph\">{\"@context\":\"https:\/\/schema.org\",\"@graph\":[{\"@type\":\"Article\",\"@id\":\"https:\/\/www.fagace.org\/2018\/08\/16\/allocution-du-president-en-exercice-du-conseil-dadministration-a-la-40eme-session-ordinaire-du-conseil-dadministration\/#article\",\"isPartOf\":{\"@id\":\"https:\/\/www.fagace.org\/2018\/08\/16\/allocution-du-president-en-exercice-du-conseil-dadministration-a-la-40eme-session-ordinaire-du-conseil-dadministration\/\"},\"author\":{\"name\":\"gbaguididogratias1@gmail.com\",\"@id\":\"https:\/\/www.fagace.org\/#\/schema\/person\/14bbfc5c35624503d3123e694c5d1575\"},\"headline\":\"Interven\u00e7\u00e3o do atual Presidente do Conselho de Administra\u00e7\u00e3o na 40\u00aa sess\u00e3o ordin\u00e1ria do Conselho de Administra\u00e7\u00e3o\",\"datePublished\":\"2018-08-16T11:08:47+00:00\",\"dateModified\":\"2024-04-03T14:09:41+00:00\",\"mainEntityOfPage\":{\"@id\":\"https:\/\/www.fagace.org\/2018\/08\/16\/allocution-du-president-en-exercice-du-conseil-dadministration-a-la-40eme-session-ordinaire-du-conseil-dadministration\/\"},\"wordCount\":1536,\"commentCount\":0,\"publisher\":{\"@id\":\"https:\/\/www.fagace.org\/#organization\"},\"articleSection\":[\"Discurso\"],\"inLanguage\":\"pt-PT\",\"potentialAction\":[{\"@type\":\"CommentAction\",\"name\":\"Comment\",\"target\":[\"https:\/\/www.fagace.org\/2018\/08\/16\/allocution-du-president-en-exercice-du-conseil-dadministration-a-la-40eme-session-ordinaire-du-conseil-dadministration\/#respond\"]}]},{\"@type\":\"WebPage\",\"@id\":\"https:\/\/www.fagace.org\/2018\/08\/16\/allocution-du-president-en-exercice-du-conseil-dadministration-a-la-40eme-session-ordinaire-du-conseil-dadministration\/\",\"url\":\"https:\/\/www.fagace.org\/2018\/08\/16\/allocution-du-president-en-exercice-du-conseil-dadministration-a-la-40eme-session-ordinaire-du-conseil-dadministration\/\",\"name\":\"Interven\u00e7\u00e3o do atual Presidente do Conselho de Administra\u00e7\u00e3o na 40\u00aa sess\u00e3o ordin\u00e1ria do Conselho de Administra\u00e7\u00e3o - FAGACE\",\"isPartOf\":{\"@id\":\"https:\/\/www.fagace.org\/#website\"},\"datePublished\":\"2018-08-16T11:08:47+00:00\",\"dateModified\":\"2024-04-03T14:09:41+00:00\",\"breadcrumb\":{\"@id\":\"https:\/\/www.fagace.org\/2018\/08\/16\/allocution-du-president-en-exercice-du-conseil-dadministration-a-la-40eme-session-ordinaire-du-conseil-dadministration\/#breadcrumb\"},\"inLanguage\":\"pt-PT\",\"potentialAction\":[{\"@type\":\"ReadAction\",\"target\":[\"https:\/\/www.fagace.org\/2018\/08\/16\/allocution-du-president-en-exercice-du-conseil-dadministration-a-la-40eme-session-ordinaire-du-conseil-dadministration\/\"]}]},{\"@type\":\"BreadcrumbList\",\"@id\":\"https:\/\/www.fagace.org\/2018\/08\/16\/allocution-du-president-en-exercice-du-conseil-dadministration-a-la-40eme-session-ordinaire-du-conseil-dadministration\/#breadcrumb\",\"itemListElement\":[{\"@type\":\"ListItem\",\"position\":1,\"name\":\"Accueil\",\"item\":\"https:\/\/www.fagace.org\/\"},{\"@type\":\"ListItem\",\"position\":2,\"name\":\"Allocution du Pr\u00e9sident en exercice du Conseil d\u2019Administration \u00e0 la 40\u00e9me session ordinaire du Conseil d\u2019Administration\"}]},{\"@type\":\"WebSite\",\"@id\":\"https:\/\/www.fagace.org\/#website\",\"url\":\"https:\/\/www.fagace.org\/\",\"name\":\"{:fr}FAGACE{:}{:en}FAGACE{:}\",\"description\":\"Uma institui\u00e7\u00e3o financeira ao servi\u00e7o do desenvolvimento em \u00c1frica\",\"publisher\":{\"@id\":\"https:\/\/www.fagace.org\/#organization\"},\"potentialAction\":[{\"@type\":\"SearchAction\",\"target\":{\"@type\":\"EntryPoint\",\"urlTemplate\":\"https:\/\/www.fagace.org\/?s={search_term_string}\"},\"query-input\":\"required name=search_term_string\"}],\"inLanguage\":\"pt-PT\"},{\"@type\":\"Organization\",\"@id\":\"https:\/\/www.fagace.org\/#organization\",\"name\":\"{:fr}Fonds Africain de Garantie et de Coop\u00e9ration Economique{:}{:en}African Guarantee and Economic Cooperation Fund{:}\",\"url\":\"https:\/\/www.fagace.org\/\",\"logo\":{\"@type\":\"ImageObject\",\"inLanguage\":\"pt-PT\",\"@id\":\"https:\/\/www.fagace.org\/#\/schema\/logo\/image\/\",\"url\":\"https:\/\/www.fagace.org\/wp-content\/uploads\/2024\/04\/2003.jpg\",\"contentUrl\":\"https:\/\/www.fagace.org\/wp-content\/uploads\/2024\/04\/2003.jpg\",\"width\":580,\"height\":580,\"caption\":\"{:fr}Fonds Africain de Garantie et de Coop\u00e9ration Economique{:}{:en}African Guarantee and Economic Cooperation Fund{:}\"},\"image\":{\"@id\":\"https:\/\/www.fagace.org\/#\/schema\/logo\/image\/\"},\"sameAs\":[\"https:\/\/www.facebook.com\/fagaceorg\",\"https:\/\/x.com\/Fagace_Officiel\"]},{\"@type\":\"Person\",\"@id\":\"https:\/\/www.fagace.org\/#\/schema\/person\/14bbfc5c35624503d3123e694c5d1575\",\"name\":\"gbaguididogratias1@gmail.com\",\"image\":{\"@type\":\"ImageObject\",\"inLanguage\":\"pt-PT\",\"@id\":\"https:\/\/www.fagace.org\/#\/schema\/person\/image\/\",\"url\":\"https:\/\/secure.gravatar.com\/avatar\/98c69aa7b9e53409d22fa64a62d40da5e971a2c3cd617fce2ffe3978d4f49493?s=96&r=g&d=https:\/\/www.fagace.org\/wp-content\/plugins\/userswp\/assets\/images\/no_profile.png\",\"contentUrl\":\"https:\/\/secure.gravatar.com\/avatar\/98c69aa7b9e53409d22fa64a62d40da5e971a2c3cd617fce2ffe3978d4f49493?s=96&r=g&d=https:\/\/www.fagace.org\/wp-content\/plugins\/userswp\/assets\/images\/no_profile.png\",\"caption\":\"gbaguididogratias1@gmail.com\"},\"sameAs\":[\"https:\/\/www.fagace.org\"],\"url\":\"https:\/\/www.fagace.org\/pt\/profile-2\/gbaguididogratias1gmail-com\/\"}]}<\/script>\n<!-- \/ Yoast SEO plugin. -->","yoast_head_json":{"title":"Interven\u00e7\u00e3o do atual Presidente do Conselho de Administra\u00e7\u00e3o na 40\u00aa sess\u00e3o ordin\u00e1ria do Conselho de Administra\u00e7\u00e3o - FAGACE","robots":{"index":"index","follow":"follow","max-snippet":"max-snippet:-1","max-image-preview":"max-image-preview:large","max-video-preview":"max-video-preview:-1"},"canonical":"https:\/\/www.fagace.org\/2018\/08\/16\/allocution-du-president-en-exercice-du-conseil-dadministration-a-la-40eme-session-ordinaire-du-conseil-dadministration\/","og_locale":"pt_PT","og_type":"article","og_title":"Interven\u00e7\u00e3o do atual Presidente do Conselho de Administra\u00e7\u00e3o na 40\u00aa sess\u00e3o ordin\u00e1ria do Conselho de Administra\u00e7\u00e3o - FAGACE","og_url":"https:\/\/www.fagace.org\/2018\/08\/16\/allocution-du-president-en-exercice-du-conseil-dadministration-a-la-40eme-session-ordinaire-du-conseil-dadministration\/","og_site_name":"FAGACE","article_publisher":"https:\/\/www.facebook.com\/fagaceorg","article_published_time":"2018-08-16T11:08:47+00:00","article_modified_time":"2024-04-03T14:09:41+00:00","author":"gbaguididogratias1@gmail.com","twitter_card":"summary_large_image","twitter_creator":"@Fagace_Officiel","twitter_site":"@Fagace_Officiel","twitter_misc":{"Written by":"gbaguididogratias1@gmail.com","Est. reading time":"7 minutes"},"schema":{"@context":"https:\/\/schema.org","@graph":[{"@type":"Article","@id":"https:\/\/www.fagace.org\/2018\/08\/16\/allocution-du-president-en-exercice-du-conseil-dadministration-a-la-40eme-session-ordinaire-du-conseil-dadministration\/#article","isPartOf":{"@id":"https:\/\/www.fagace.org\/2018\/08\/16\/allocution-du-president-en-exercice-du-conseil-dadministration-a-la-40eme-session-ordinaire-du-conseil-dadministration\/"},"author":{"name":"gbaguididogratias1@gmail.com","@id":"https:\/\/www.fagace.org\/#\/schema\/person\/14bbfc5c35624503d3123e694c5d1575"},"headline":"Interven\u00e7\u00e3o do atual Presidente do Conselho de Administra\u00e7\u00e3o na 40\u00aa sess\u00e3o ordin\u00e1ria do Conselho de Administra\u00e7\u00e3o","datePublished":"2018-08-16T11:08:47+00:00","dateModified":"2024-04-03T14:09:41+00:00","mainEntityOfPage":{"@id":"https:\/\/www.fagace.org\/2018\/08\/16\/allocution-du-president-en-exercice-du-conseil-dadministration-a-la-40eme-session-ordinaire-du-conseil-dadministration\/"},"wordCount":1536,"commentCount":0,"publisher":{"@id":"https:\/\/www.fagace.org\/#organization"},"articleSection":["Discurso"],"inLanguage":"pt-PT","potentialAction":[{"@type":"CommentAction","name":"Comment","target":["https:\/\/www.fagace.org\/2018\/08\/16\/allocution-du-president-en-exercice-du-conseil-dadministration-a-la-40eme-session-ordinaire-du-conseil-dadministration\/#respond"]}]},{"@type":"WebPage","@id":"https:\/\/www.fagace.org\/2018\/08\/16\/allocution-du-president-en-exercice-du-conseil-dadministration-a-la-40eme-session-ordinaire-du-conseil-dadministration\/","url":"https:\/\/www.fagace.org\/2018\/08\/16\/allocution-du-president-en-exercice-du-conseil-dadministration-a-la-40eme-session-ordinaire-du-conseil-dadministration\/","name":"Interven\u00e7\u00e3o do atual Presidente do Conselho de Administra\u00e7\u00e3o na 40\u00aa sess\u00e3o ordin\u00e1ria do Conselho de Administra\u00e7\u00e3o - FAGACE","isPartOf":{"@id":"https:\/\/www.fagace.org\/#website"},"datePublished":"2018-08-16T11:08:47+00:00","dateModified":"2024-04-03T14:09:41+00:00","breadcrumb":{"@id":"https:\/\/www.fagace.org\/2018\/08\/16\/allocution-du-president-en-exercice-du-conseil-dadministration-a-la-40eme-session-ordinaire-du-conseil-dadministration\/#breadcrumb"},"inLanguage":"pt-PT","potentialAction":[{"@type":"ReadAction","target":["https:\/\/www.fagace.org\/2018\/08\/16\/allocution-du-president-en-exercice-du-conseil-dadministration-a-la-40eme-session-ordinaire-du-conseil-dadministration\/"]}]},{"@type":"BreadcrumbList","@id":"https:\/\/www.fagace.org\/2018\/08\/16\/allocution-du-president-en-exercice-du-conseil-dadministration-a-la-40eme-session-ordinaire-du-conseil-dadministration\/#breadcrumb","itemListElement":[{"@type":"ListItem","position":1,"name":"Accueil","item":"https:\/\/www.fagace.org\/"},{"@type":"ListItem","position":2,"name":"Allocution du Pr\u00e9sident en exercice du Conseil d\u2019Administration \u00e0 la 40\u00e9me session ordinaire du Conseil d\u2019Administration"}]},{"@type":"WebSite","@id":"https:\/\/www.fagace.org\/#website","url":"https:\/\/www.fagace.org\/","name":"{:fr}FAGACE{:}{:en}FAGACE{:}","description":"Uma institui\u00e7\u00e3o financeira ao servi\u00e7o do desenvolvimento em \u00c1frica","publisher":{"@id":"https:\/\/www.fagace.org\/#organization"},"potentialAction":[{"@type":"SearchAction","target":{"@type":"EntryPoint","urlTemplate":"https:\/\/www.fagace.org\/?s={search_term_string}"},"query-input":"required name=search_term_string"}],"inLanguage":"pt-PT"},{"@type":"Organization","@id":"https:\/\/www.fagace.org\/#organization","name":"{:fr}Fonds Africain de Garantie et de Coop\u00e9ration Economique{:}{:en}African Guarantee and Economic Cooperation Fund{:}","url":"https:\/\/www.fagace.org\/","logo":{"@type":"ImageObject","inLanguage":"pt-PT","@id":"https:\/\/www.fagace.org\/#\/schema\/logo\/image\/","url":"https:\/\/www.fagace.org\/wp-content\/uploads\/2024\/04\/2003.jpg","contentUrl":"https:\/\/www.fagace.org\/wp-content\/uploads\/2024\/04\/2003.jpg","width":580,"height":580,"caption":"{:fr}Fonds Africain de Garantie et de Coop\u00e9ration Economique{:}{:en}African Guarantee and Economic Cooperation Fund{:}"},"image":{"@id":"https:\/\/www.fagace.org\/#\/schema\/logo\/image\/"},"sameAs":["https:\/\/www.facebook.com\/fagaceorg","https:\/\/x.com\/Fagace_Officiel"]},{"@type":"Person","@id":"https:\/\/www.fagace.org\/#\/schema\/person\/14bbfc5c35624503d3123e694c5d1575","name":"gbaguididogratias1@gmail.com","image":{"@type":"ImageObject","inLanguage":"pt-PT","@id":"https:\/\/www.fagace.org\/#\/schema\/person\/image\/","url":"https:\/\/secure.gravatar.com\/avatar\/98c69aa7b9e53409d22fa64a62d40da5e971a2c3cd617fce2ffe3978d4f49493?s=96&r=g&d=https:\/\/www.fagace.org\/wp-content\/plugins\/userswp\/assets\/images\/no_profile.png","contentUrl":"https:\/\/secure.gravatar.com\/avatar\/98c69aa7b9e53409d22fa64a62d40da5e971a2c3cd617fce2ffe3978d4f49493?s=96&r=g&d=https:\/\/www.fagace.org\/wp-content\/plugins\/userswp\/assets\/images\/no_profile.png","caption":"gbaguididogratias1@gmail.com"},"sameAs":["https:\/\/www.fagace.org"],"url":"https:\/\/www.fagace.org\/pt\/profile-2\/gbaguididogratias1gmail-com\/"}]}},"_links":{"self":[{"href":"https:\/\/www.fagace.org\/pt\/wp-json\/wp\/v2\/posts\/13367","targetHints":{"allow":["GET"]}}],"collection":[{"href":"https:\/\/www.fagace.org\/pt\/wp-json\/wp\/v2\/posts"}],"about":[{"href":"https:\/\/www.fagace.org\/pt\/wp-json\/wp\/v2\/types\/post"}],"author":[{"embeddable":true,"href":"https:\/\/www.fagace.org\/pt\/wp-json\/wp\/v2\/users\/1"}],"replies":[{"embeddable":true,"href":"https:\/\/www.fagace.org\/pt\/wp-json\/wp\/v2\/comments?post=13367"}],"version-history":[{"count":16,"href":"https:\/\/www.fagace.org\/pt\/wp-json\/wp\/v2\/posts\/13367\/revisions"}],"predecessor-version":[{"id":13554,"href":"https:\/\/www.fagace.org\/pt\/wp-json\/wp\/v2\/posts\/13367\/revisions\/13554"}],"wp:attachment":[{"href":"https:\/\/www.fagace.org\/pt\/wp-json\/wp\/v2\/media?parent=13367"}],"wp:term":[{"taxonomy":"category","embeddable":true,"href":"https:\/\/www.fagace.org\/pt\/wp-json\/wp\/v2\/categories?post=13367"},{"taxonomy":"post_tag","embeddable":true,"href":"https:\/\/www.fagace.org\/pt\/wp-json\/wp\/v2\/tags?post=13367"}],"curies":[{"name":"wp","href":"https:\/\/api.w.org\/{rel}","templated":true}]}}