{"id":13383,"date":"2018-08-16T13:20:25","date_gmt":"2018-08-16T11:20:25","guid":{"rendered":"https:\/\/www.fagace.org\/?p=13383"},"modified":"2024-04-03T16:23:36","modified_gmt":"2024-04-03T14:23:36","slug":"42eme-session-ordinaire-du-conseil-dadministration-allocution-du-president-en-exercice-du-conseil-dadministration","status":"publish","type":"post","link":"https:\/\/www.fagace.org\/pt\/2018\/08\/16\/42eme-session-ordinaire-du-conseil-dadministration-allocution-du-president-en-exercice-du-conseil-dadministration\/","title":{"rendered":"42\u00aa sess\u00e3o ordin\u00e1ria do Conselho de Administra\u00e7\u00e3o: alocu\u00e7\u00e3o do atual Presidente do Conselho de Administra\u00e7\u00e3o"},"content":{"rendered":"<p>Minhas Senhoras e meus Senhores, Directores, Colegas,<\/p>\n<p>Senhor Diretor-Geral da FAGACE,<\/p>\n<p>Minhas Senhoras e Meus Senhores,<\/p>\n<p>Permitam-me, antes de mais, que vos d\u00ea as boas-vindas \u00e0 Rep\u00fablica do Benim.<\/p>\n<p>Caros colegas, \u00e9 para mim um prazer renovado presidir hoje \u00e0 42\u00aa sess\u00e3o ordin\u00e1ria do nosso Conselho de Administra\u00e7\u00e3o.<\/p>\n<p>Verifico que mais uma vez se sacrificaram \u00e0 tradi\u00e7\u00e3o, honrando com a vossa augusta presen\u00e7a esta sess\u00e3o que dever\u00e1 deliberar sobre quest\u00f5es importantes para o desenvolvimento da nossa Institui\u00e7\u00e3o, e agrade\u00e7o-vos por isso.<\/p>\n<p>Minhas senhoras e meus senhores<\/p>\n<p>Minhas senhoras e meus senhores,<\/p>\n<p>Como \u00e9 do vosso conhecimento, nos \u00faltimos anos, os nossos Estados-Membros, numa not\u00e1vel demonstra\u00e7\u00e3o de solidariedade, tra\u00e7aram novas vias para refor\u00e7ar as capacidades de interven\u00e7\u00e3o da nossa Institui\u00e7\u00e3o.<\/p>\n<p>Trata-se, nomeadamente, da ado\u00e7\u00e3o, em 2010, de um plano de recupera\u00e7\u00e3o a curto prazo que restabeleceu a qualidade da assinatura do Fundo e da ado\u00e7\u00e3o do plano quadrienal 2012-2015 para relan\u00e7ar as suas actividades operacionais.<\/p>\n<p>Al\u00e9m disso, os nossos \u00f3rg\u00e3os directivos aprovaram decis\u00f5es de aumento do capital do Fundo, que foi gradualmente aumentado de 100 mil milh\u00f5es para 200 mil milh\u00f5es e depois para 350 mil milh\u00f5es em 2014;<\/p>\n<p>Gra\u00e7as a estas medidas salutares, as actividades operacionais est\u00e3o agora a ser gradualmente relan\u00e7adas. Apesar das dificuldades conjunturais que atravessou, o Fundo registou bons resultados nos \u00faltimos quatro (4) anos, sobretudo gra\u00e7as \u00e0 reorganiza\u00e7\u00e3o da sua carteira.<\/p>\n<p>Deve dizer-se que os instrumentos de recupera\u00e7\u00e3o e de desenvolvimento da atividade do Fundo constituem uma medida salutar que, sem d\u00favida, refor\u00e7ou a boa governa\u00e7\u00e3o e a efic\u00e1cia da institui\u00e7\u00e3o. Nos \u00faltimos dois (2) anos, o Comit\u00e9 de Fiscaliza\u00e7\u00e3o assegurou a transpar\u00eancia e uma maior visibilidade dos resultados do Fundo. Este \u00e9, sem d\u00favida, um sinal forte para os nossos parceiros.<\/p>\n<p>Para apoiar esta din\u00e2mica, o plano quadrienal 2012-2015 serviu de b\u00fassola para as actividades da nossa institui\u00e7\u00e3o.<\/p>\n<p>Neste contexto, nas reuni\u00f5es anteriores de 2014, o Conselho de Administra\u00e7\u00e3o autorizou a diversifica\u00e7\u00e3o das atividades do Fundo, validando os textos que regem os financiamentos diretos e as medidas tomadas para mobilizar recursos, nomeadamente a emiss\u00e3o de obriga\u00e7\u00f5es FAGACE no mercado CEMAC.<\/p>\n<p>No plano operacional, o refor\u00e7o das rela\u00e7\u00f5es de coopera\u00e7\u00e3o com outras institui\u00e7\u00f5es de desenvolvimento para interven\u00e7\u00f5es conjuntas em projectos, o acompanhamento dos projectos, a prossecu\u00e7\u00e3o do plano de recupera\u00e7\u00e3o da d\u00edvida, a racionaliza\u00e7\u00e3o da carteira e a diversifica\u00e7\u00e3o das actividades do Fundo contribu\u00edram indubitavelmente para os resultados registados.<\/p>\n<p>Tendo em conta os desafios que se colocam ao Fundo, nomeadamente o de refor\u00e7ar a operacionaliza\u00e7\u00e3o das suas actividades para melhor responder \u00e0s solicita\u00e7\u00f5es prementes dos nossos Estados, tanto em termos de garantias como de financiamentos directos, est\u00e3o na ordem do dia desta sess\u00e3o pontos importantes.<\/p>\n<p>Senhores Directores, Caros Colegas,<\/p>\n<p>O exame dos pontos da ordem de trabalhos desta sess\u00e3o, em particular o exame das demonstra\u00e7\u00f5es financeiras, e as novas interven\u00e7\u00f5es dever\u00e3o ser feitos \u00e0 luz do contexto atual.<\/p>\n<p>A situa\u00e7\u00e3o financeira da nossa Institui\u00e7\u00e3o d\u00e1-nos uma indica\u00e7\u00e3o da import\u00e2ncia dos desafios a enfrentar e do peso das medidas que teremos certamente de tomar nas pr\u00f3ximas sess\u00f5es.<\/p>\n<p>Deste ponto de vista, a salvaguarda dos activos da nossa querida institui\u00e7\u00e3o e o refor\u00e7o dos seus meios de interven\u00e7\u00e3o dever\u00e3o permitir-lhe apoiar melhor a cria\u00e7\u00e3o de projectos inclusivos capazes de responder melhor aos desafios do crescimento e do emprego.<\/p>\n<p>Pela minha parte, continuo convencido de que, como sempre, seremos capazes de demonstrar um elevado sentido de responsabilidade e de analisar diligentemente as quest\u00f5es submetidas \u00e0 nossa aprecia\u00e7\u00e3o, a fim de dar um novo impulso \u00e0 nossa Institui\u00e7\u00e3o e permitir-lhe manter-se operacional e consolidar a sua influ\u00eancia.<\/p>\n<p>Desejo que o nosso trabalho seja coroado de \u00eaxito.<\/p>\n<p>Gostaria de vos agradecer a todos.<\/p>\n","protected":false},"excerpt":{"rendered":"<p>Minhas Senhoras e meus Senhores, Directores, Colegas, Senhor Diretor-Geral da FAGACE, Minhas Senhoras e Meus Senhores, Permitam-me, antes de mais, que vos d\u00ea as boas-vindas \u00e0 Rep\u00fablica do Benim. Caros [&hellip;]<\/p>\n","protected":false},"author":1,"featured_media":13384,"comment_status":"open","ping_status":"open","sticky":false,"template":"","format":"standard","meta":{"_themeisle_gutenberg_block_has_review":false,"footnotes":""},"categories":[62],"tags":[],"class_list":["post-13383","post","type-post","status-publish","format-standard","has-post-thumbnail","hentry","category-discours"],"translation":{"provider":"WPGlobus","version":"2.10.10","language":"pt","enabled_languages":["fr","en","ar","pt"],"languages":{"fr":{"title":true,"content":true,"excerpt":false},"en":{"title":true,"content":true,"excerpt":false},"ar":{"title":true,"content":true,"excerpt":false},"pt":{"title":true,"content":true,"excerpt":false}}},"yoast_head":"<!-- This site is optimized with the Yoast SEO plugin v22.7 - https:\/\/yoast.com\/wordpress\/plugins\/seo\/ -->\n<title>42\u00aa sess\u00e3o ordin\u00e1ria do Conselho de Administra\u00e7\u00e3o: alocu\u00e7\u00e3o do atual Presidente do Conselho de Administra\u00e7\u00e3o - FAGACE<\/title>\n<meta name=\"robots\" content=\"index, follow, max-snippet:-1, max-image-preview:large, max-video-preview:-1\" \/>\n<link rel=\"canonical\" href=\"https:\/\/www.fagace.org\/2018\/08\/16\/42eme-session-ordinaire-du-conseil-dadministration-allocution-du-president-en-exercice-du-conseil-dadministration\/\" \/>\n<meta property=\"og:locale\" content=\"pt_PT\" \/>\n<meta property=\"og:type\" content=\"article\" \/>\n<meta property=\"og:title\" content=\"42\u00aa sess\u00e3o ordin\u00e1ria do Conselho de Administra\u00e7\u00e3o: alocu\u00e7\u00e3o do atual Presidente do Conselho de Administra\u00e7\u00e3o - FAGACE\" \/>\n<meta property=\"og:url\" content=\"https:\/\/www.fagace.org\/2018\/08\/16\/42eme-session-ordinaire-du-conseil-dadministration-allocution-du-president-en-exercice-du-conseil-dadministration\/\" \/>\n<meta property=\"og:site_name\" content=\"FAGACE\" \/>\n<meta property=\"article:publisher\" content=\"https:\/\/www.facebook.com\/fagaceorg\" \/>\n<meta property=\"article:published_time\" content=\"2018-08-16T11:20:25+00:00\" \/>\n<meta property=\"article:modified_time\" content=\"2024-04-03T14:23:36+00:00\" \/>\n<meta property=\"og:image\" content=\"https:\/\/www.fagace.org\/wp-content\/uploads\/2024\/04\/2-pca-rw.jpg\" \/>\n\t<meta property=\"og:image:width\" content=\"292\" \/>\n\t<meta property=\"og:image:height\" content=\"348\" \/>\n\t<meta property=\"og:image:type\" content=\"image\/jpeg\" \/>\n<meta name=\"author\" content=\"gbaguididogratias1@gmail.com\" \/>\n<meta name=\"twitter:card\" content=\"summary_large_image\" \/>\n<meta name=\"twitter:creator\" content=\"@Fagace_Officiel\" \/>\n<meta name=\"twitter:site\" content=\"@Fagace_Officiel\" \/>\n<meta name=\"twitter:label1\" content=\"Written by\" \/>\n\t<meta name=\"twitter:data1\" content=\"gbaguididogratias1@gmail.com\" \/>\n\t<meta name=\"twitter:label2\" content=\"Est. reading time\" \/>\n\t<meta name=\"twitter:data2\" content=\"10 minutes\" \/>\n<script type=\"application\/ld+json\" class=\"yoast-schema-graph\">{\"@context\":\"https:\/\/schema.org\",\"@graph\":[{\"@type\":\"Article\",\"@id\":\"https:\/\/www.fagace.org\/2018\/08\/16\/42eme-session-ordinaire-du-conseil-dadministration-allocution-du-president-en-exercice-du-conseil-dadministration\/#article\",\"isPartOf\":{\"@id\":\"https:\/\/www.fagace.org\/2018\/08\/16\/42eme-session-ordinaire-du-conseil-dadministration-allocution-du-president-en-exercice-du-conseil-dadministration\/\"},\"author\":{\"name\":\"gbaguididogratias1@gmail.com\",\"@id\":\"https:\/\/www.fagace.org\/#\/schema\/person\/14bbfc5c35624503d3123e694c5d1575\"},\"headline\":\"42\u00aa sess\u00e3o ordin\u00e1ria do Conselho de Administra\u00e7\u00e3o: alocu\u00e7\u00e3o do atual Presidente do Conselho de Administra\u00e7\u00e3o\",\"datePublished\":\"2018-08-16T11:20:25+00:00\",\"dateModified\":\"2024-04-03T14:23:36+00:00\",\"mainEntityOfPage\":{\"@id\":\"https:\/\/www.fagace.org\/2018\/08\/16\/42eme-session-ordinaire-du-conseil-dadministration-allocution-du-president-en-exercice-du-conseil-dadministration\/\"},\"wordCount\":2026,\"commentCount\":0,\"publisher\":{\"@id\":\"https:\/\/www.fagace.org\/#organization\"},\"image\":{\"@id\":\"https:\/\/www.fagace.org\/2018\/08\/16\/42eme-session-ordinaire-du-conseil-dadministration-allocution-du-president-en-exercice-du-conseil-dadministration\/#primaryimage\"},\"thumbnailUrl\":\"https:\/\/www.fagace.org\/wp-content\/uploads\/2024\/04\/2-pca-rw.jpg\",\"articleSection\":[\"Discurso\"],\"inLanguage\":\"pt-PT\",\"potentialAction\":[{\"@type\":\"CommentAction\",\"name\":\"Comment\",\"target\":[\"https:\/\/www.fagace.org\/2018\/08\/16\/42eme-session-ordinaire-du-conseil-dadministration-allocution-du-president-en-exercice-du-conseil-dadministration\/#respond\"]}]},{\"@type\":\"WebPage\",\"@id\":\"https:\/\/www.fagace.org\/2018\/08\/16\/42eme-session-ordinaire-du-conseil-dadministration-allocution-du-president-en-exercice-du-conseil-dadministration\/\",\"url\":\"https:\/\/www.fagace.org\/2018\/08\/16\/42eme-session-ordinaire-du-conseil-dadministration-allocution-du-president-en-exercice-du-conseil-dadministration\/\",\"name\":\"42\u00aa sess\u00e3o ordin\u00e1ria do Conselho de Administra\u00e7\u00e3o: alocu\u00e7\u00e3o do atual Presidente do Conselho de Administra\u00e7\u00e3o - FAGACE\",\"isPartOf\":{\"@id\":\"https:\/\/www.fagace.org\/#website\"},\"primaryImageOfPage\":{\"@id\":\"https:\/\/www.fagace.org\/2018\/08\/16\/42eme-session-ordinaire-du-conseil-dadministration-allocution-du-president-en-exercice-du-conseil-dadministration\/#primaryimage\"},\"image\":{\"@id\":\"https:\/\/www.fagace.org\/2018\/08\/16\/42eme-session-ordinaire-du-conseil-dadministration-allocution-du-president-en-exercice-du-conseil-dadministration\/#primaryimage\"},\"thumbnailUrl\":\"https:\/\/www.fagace.org\/wp-content\/uploads\/2024\/04\/2-pca-rw.jpg\",\"datePublished\":\"2018-08-16T11:20:25+00:00\",\"dateModified\":\"2024-04-03T14:23:36+00:00\",\"breadcrumb\":{\"@id\":\"https:\/\/www.fagace.org\/2018\/08\/16\/42eme-session-ordinaire-du-conseil-dadministration-allocution-du-president-en-exercice-du-conseil-dadministration\/#breadcrumb\"},\"inLanguage\":\"pt-PT\",\"potentialAction\":[{\"@type\":\"ReadAction\",\"target\":[\"https:\/\/www.fagace.org\/2018\/08\/16\/42eme-session-ordinaire-du-conseil-dadministration-allocution-du-president-en-exercice-du-conseil-dadministration\/\"]}]},{\"@type\":\"ImageObject\",\"inLanguage\":\"pt-PT\",\"@id\":\"https:\/\/www.fagace.org\/2018\/08\/16\/42eme-session-ordinaire-du-conseil-dadministration-allocution-du-president-en-exercice-du-conseil-dadministration\/#primaryimage\",\"url\":\"https:\/\/www.fagace.org\/wp-content\/uploads\/2024\/04\/2-pca-rw.jpg\",\"contentUrl\":\"https:\/\/www.fagace.org\/wp-content\/uploads\/2024\/04\/2-pca-rw.jpg\",\"width\":292,\"height\":348,\"caption\":\"CREATOR: gd-jpeg v1.0 (using IJG JPEG v62), quality = 75\"},{\"@type\":\"BreadcrumbList\",\"@id\":\"https:\/\/www.fagace.org\/2018\/08\/16\/42eme-session-ordinaire-du-conseil-dadministration-allocution-du-president-en-exercice-du-conseil-dadministration\/#breadcrumb\",\"itemListElement\":[{\"@type\":\"ListItem\",\"position\":1,\"name\":\"Accueil\",\"item\":\"https:\/\/www.fagace.org\/\"},{\"@type\":\"ListItem\",\"position\":2,\"name\":\"42\u00e8me session ordinaire du Conseil d\u2019Administration: allocution du Pr\u00e9sident en exercice du Conseil d\u2019Administration\"}]},{\"@type\":\"WebSite\",\"@id\":\"https:\/\/www.fagace.org\/#website\",\"url\":\"https:\/\/www.fagace.org\/\",\"name\":\"{:fr}FAGACE{:}{:en}FAGACE{:}\",\"description\":\"Uma institui\u00e7\u00e3o financeira ao servi\u00e7o do desenvolvimento em \u00c1frica\",\"publisher\":{\"@id\":\"https:\/\/www.fagace.org\/#organization\"},\"potentialAction\":[{\"@type\":\"SearchAction\",\"target\":{\"@type\":\"EntryPoint\",\"urlTemplate\":\"https:\/\/www.fagace.org\/?s={search_term_string}\"},\"query-input\":\"required name=search_term_string\"}],\"inLanguage\":\"pt-PT\"},{\"@type\":\"Organization\",\"@id\":\"https:\/\/www.fagace.org\/#organization\",\"name\":\"{:fr}Fonds Africain de Garantie et de Coop\u00e9ration Economique{:}{:en}African Guarantee and Economic Cooperation Fund{:}\",\"url\":\"https:\/\/www.fagace.org\/\",\"logo\":{\"@type\":\"ImageObject\",\"inLanguage\":\"pt-PT\",\"@id\":\"https:\/\/www.fagace.org\/#\/schema\/logo\/image\/\",\"url\":\"https:\/\/www.fagace.org\/wp-content\/uploads\/2024\/04\/2003.jpg\",\"contentUrl\":\"https:\/\/www.fagace.org\/wp-content\/uploads\/2024\/04\/2003.jpg\",\"width\":580,\"height\":580,\"caption\":\"{:fr}Fonds Africain de Garantie et de Coop\u00e9ration Economique{:}{:en}African Guarantee and Economic Cooperation Fund{:}\"},\"image\":{\"@id\":\"https:\/\/www.fagace.org\/#\/schema\/logo\/image\/\"},\"sameAs\":[\"https:\/\/www.facebook.com\/fagaceorg\",\"https:\/\/x.com\/Fagace_Officiel\"]},{\"@type\":\"Person\",\"@id\":\"https:\/\/www.fagace.org\/#\/schema\/person\/14bbfc5c35624503d3123e694c5d1575\",\"name\":\"gbaguididogratias1@gmail.com\",\"image\":{\"@type\":\"ImageObject\",\"inLanguage\":\"pt-PT\",\"@id\":\"https:\/\/www.fagace.org\/#\/schema\/person\/image\/\",\"url\":\"https:\/\/secure.gravatar.com\/avatar\/98c69aa7b9e53409d22fa64a62d40da5e971a2c3cd617fce2ffe3978d4f49493?s=96&r=g&d=https:\/\/www.fagace.org\/wp-content\/plugins\/userswp\/assets\/images\/no_profile.png\",\"contentUrl\":\"https:\/\/secure.gravatar.com\/avatar\/98c69aa7b9e53409d22fa64a62d40da5e971a2c3cd617fce2ffe3978d4f49493?s=96&r=g&d=https:\/\/www.fagace.org\/wp-content\/plugins\/userswp\/assets\/images\/no_profile.png\",\"caption\":\"gbaguididogratias1@gmail.com\"},\"sameAs\":[\"https:\/\/www.fagace.org\"],\"url\":\"https:\/\/www.fagace.org\/pt\/profile-2\/gbaguididogratias1gmail-com\/\"}]}<\/script>\n<!-- \/ Yoast SEO plugin. -->","yoast_head_json":{"title":"42\u00aa sess\u00e3o ordin\u00e1ria do Conselho de Administra\u00e7\u00e3o: alocu\u00e7\u00e3o do atual Presidente do Conselho de Administra\u00e7\u00e3o - FAGACE","robots":{"index":"index","follow":"follow","max-snippet":"max-snippet:-1","max-image-preview":"max-image-preview:large","max-video-preview":"max-video-preview:-1"},"canonical":"https:\/\/www.fagace.org\/2018\/08\/16\/42eme-session-ordinaire-du-conseil-dadministration-allocution-du-president-en-exercice-du-conseil-dadministration\/","og_locale":"pt_PT","og_type":"article","og_title":"42\u00aa sess\u00e3o ordin\u00e1ria do Conselho de Administra\u00e7\u00e3o: alocu\u00e7\u00e3o do atual Presidente do Conselho de Administra\u00e7\u00e3o - FAGACE","og_url":"https:\/\/www.fagace.org\/2018\/08\/16\/42eme-session-ordinaire-du-conseil-dadministration-allocution-du-president-en-exercice-du-conseil-dadministration\/","og_site_name":"FAGACE","article_publisher":"https:\/\/www.facebook.com\/fagaceorg","article_published_time":"2018-08-16T11:20:25+00:00","article_modified_time":"2024-04-03T14:23:36+00:00","og_image":[{"width":292,"height":348,"url":"https:\/\/www.fagace.org\/wp-content\/uploads\/2024\/04\/2-pca-rw.jpg","type":"image\/jpeg"}],"author":"gbaguididogratias1@gmail.com","twitter_card":"summary_large_image","twitter_creator":"@Fagace_Officiel","twitter_site":"@Fagace_Officiel","twitter_misc":{"Written by":"gbaguididogratias1@gmail.com","Est. reading time":"10 minutes"},"schema":{"@context":"https:\/\/schema.org","@graph":[{"@type":"Article","@id":"https:\/\/www.fagace.org\/2018\/08\/16\/42eme-session-ordinaire-du-conseil-dadministration-allocution-du-president-en-exercice-du-conseil-dadministration\/#article","isPartOf":{"@id":"https:\/\/www.fagace.org\/2018\/08\/16\/42eme-session-ordinaire-du-conseil-dadministration-allocution-du-president-en-exercice-du-conseil-dadministration\/"},"author":{"name":"gbaguididogratias1@gmail.com","@id":"https:\/\/www.fagace.org\/#\/schema\/person\/14bbfc5c35624503d3123e694c5d1575"},"headline":"42\u00aa sess\u00e3o ordin\u00e1ria do Conselho de Administra\u00e7\u00e3o: alocu\u00e7\u00e3o do atual Presidente do Conselho de Administra\u00e7\u00e3o","datePublished":"2018-08-16T11:20:25+00:00","dateModified":"2024-04-03T14:23:36+00:00","mainEntityOfPage":{"@id":"https:\/\/www.fagace.org\/2018\/08\/16\/42eme-session-ordinaire-du-conseil-dadministration-allocution-du-president-en-exercice-du-conseil-dadministration\/"},"wordCount":2026,"commentCount":0,"publisher":{"@id":"https:\/\/www.fagace.org\/#organization"},"image":{"@id":"https:\/\/www.fagace.org\/2018\/08\/16\/42eme-session-ordinaire-du-conseil-dadministration-allocution-du-president-en-exercice-du-conseil-dadministration\/#primaryimage"},"thumbnailUrl":"https:\/\/www.fagace.org\/wp-content\/uploads\/2024\/04\/2-pca-rw.jpg","articleSection":["Discurso"],"inLanguage":"pt-PT","potentialAction":[{"@type":"CommentAction","name":"Comment","target":["https:\/\/www.fagace.org\/2018\/08\/16\/42eme-session-ordinaire-du-conseil-dadministration-allocution-du-president-en-exercice-du-conseil-dadministration\/#respond"]}]},{"@type":"WebPage","@id":"https:\/\/www.fagace.org\/2018\/08\/16\/42eme-session-ordinaire-du-conseil-dadministration-allocution-du-president-en-exercice-du-conseil-dadministration\/","url":"https:\/\/www.fagace.org\/2018\/08\/16\/42eme-session-ordinaire-du-conseil-dadministration-allocution-du-president-en-exercice-du-conseil-dadministration\/","name":"42\u00aa sess\u00e3o ordin\u00e1ria do Conselho de Administra\u00e7\u00e3o: alocu\u00e7\u00e3o do atual Presidente do Conselho de Administra\u00e7\u00e3o - FAGACE","isPartOf":{"@id":"https:\/\/www.fagace.org\/#website"},"primaryImageOfPage":{"@id":"https:\/\/www.fagace.org\/2018\/08\/16\/42eme-session-ordinaire-du-conseil-dadministration-allocution-du-president-en-exercice-du-conseil-dadministration\/#primaryimage"},"image":{"@id":"https:\/\/www.fagace.org\/2018\/08\/16\/42eme-session-ordinaire-du-conseil-dadministration-allocution-du-president-en-exercice-du-conseil-dadministration\/#primaryimage"},"thumbnailUrl":"https:\/\/www.fagace.org\/wp-content\/uploads\/2024\/04\/2-pca-rw.jpg","datePublished":"2018-08-16T11:20:25+00:00","dateModified":"2024-04-03T14:23:36+00:00","breadcrumb":{"@id":"https:\/\/www.fagace.org\/2018\/08\/16\/42eme-session-ordinaire-du-conseil-dadministration-allocution-du-president-en-exercice-du-conseil-dadministration\/#breadcrumb"},"inLanguage":"pt-PT","potentialAction":[{"@type":"ReadAction","target":["https:\/\/www.fagace.org\/2018\/08\/16\/42eme-session-ordinaire-du-conseil-dadministration-allocution-du-president-en-exercice-du-conseil-dadministration\/"]}]},{"@type":"ImageObject","inLanguage":"pt-PT","@id":"https:\/\/www.fagace.org\/2018\/08\/16\/42eme-session-ordinaire-du-conseil-dadministration-allocution-du-president-en-exercice-du-conseil-dadministration\/#primaryimage","url":"https:\/\/www.fagace.org\/wp-content\/uploads\/2024\/04\/2-pca-rw.jpg","contentUrl":"https:\/\/www.fagace.org\/wp-content\/uploads\/2024\/04\/2-pca-rw.jpg","width":292,"height":348,"caption":"CREATOR: gd-jpeg v1.0 (using IJG JPEG v62), quality = 75"},{"@type":"BreadcrumbList","@id":"https:\/\/www.fagace.org\/2018\/08\/16\/42eme-session-ordinaire-du-conseil-dadministration-allocution-du-president-en-exercice-du-conseil-dadministration\/#breadcrumb","itemListElement":[{"@type":"ListItem","position":1,"name":"Accueil","item":"https:\/\/www.fagace.org\/"},{"@type":"ListItem","position":2,"name":"42\u00e8me session ordinaire du Conseil d\u2019Administration: allocution du Pr\u00e9sident en exercice du Conseil d\u2019Administration"}]},{"@type":"WebSite","@id":"https:\/\/www.fagace.org\/#website","url":"https:\/\/www.fagace.org\/","name":"{:fr}FAGACE{:}{:en}FAGACE{:}","description":"Uma institui\u00e7\u00e3o financeira ao servi\u00e7o do desenvolvimento em \u00c1frica","publisher":{"@id":"https:\/\/www.fagace.org\/#organization"},"potentialAction":[{"@type":"SearchAction","target":{"@type":"EntryPoint","urlTemplate":"https:\/\/www.fagace.org\/?s={search_term_string}"},"query-input":"required name=search_term_string"}],"inLanguage":"pt-PT"},{"@type":"Organization","@id":"https:\/\/www.fagace.org\/#organization","name":"{:fr}Fonds Africain de Garantie et de Coop\u00e9ration Economique{:}{:en}African Guarantee and Economic Cooperation Fund{:}","url":"https:\/\/www.fagace.org\/","logo":{"@type":"ImageObject","inLanguage":"pt-PT","@id":"https:\/\/www.fagace.org\/#\/schema\/logo\/image\/","url":"https:\/\/www.fagace.org\/wp-content\/uploads\/2024\/04\/2003.jpg","contentUrl":"https:\/\/www.fagace.org\/wp-content\/uploads\/2024\/04\/2003.jpg","width":580,"height":580,"caption":"{:fr}Fonds Africain de Garantie et de Coop\u00e9ration Economique{:}{:en}African Guarantee and Economic Cooperation Fund{:}"},"image":{"@id":"https:\/\/www.fagace.org\/#\/schema\/logo\/image\/"},"sameAs":["https:\/\/www.facebook.com\/fagaceorg","https:\/\/x.com\/Fagace_Officiel"]},{"@type":"Person","@id":"https:\/\/www.fagace.org\/#\/schema\/person\/14bbfc5c35624503d3123e694c5d1575","name":"gbaguididogratias1@gmail.com","image":{"@type":"ImageObject","inLanguage":"pt-PT","@id":"https:\/\/www.fagace.org\/#\/schema\/person\/image\/","url":"https:\/\/secure.gravatar.com\/avatar\/98c69aa7b9e53409d22fa64a62d40da5e971a2c3cd617fce2ffe3978d4f49493?s=96&r=g&d=https:\/\/www.fagace.org\/wp-content\/plugins\/userswp\/assets\/images\/no_profile.png","contentUrl":"https:\/\/secure.gravatar.com\/avatar\/98c69aa7b9e53409d22fa64a62d40da5e971a2c3cd617fce2ffe3978d4f49493?s=96&r=g&d=https:\/\/www.fagace.org\/wp-content\/plugins\/userswp\/assets\/images\/no_profile.png","caption":"gbaguididogratias1@gmail.com"},"sameAs":["https:\/\/www.fagace.org"],"url":"https:\/\/www.fagace.org\/pt\/profile-2\/gbaguididogratias1gmail-com\/"}]}},"_links":{"self":[{"href":"https:\/\/www.fagace.org\/pt\/wp-json\/wp\/v2\/posts\/13383","targetHints":{"allow":["GET"]}}],"collection":[{"href":"https:\/\/www.fagace.org\/pt\/wp-json\/wp\/v2\/posts"}],"about":[{"href":"https:\/\/www.fagace.org\/pt\/wp-json\/wp\/v2\/types\/post"}],"author":[{"embeddable":true,"href":"https:\/\/www.fagace.org\/pt\/wp-json\/wp\/v2\/users\/1"}],"replies":[{"embeddable":true,"href":"https:\/\/www.fagace.org\/pt\/wp-json\/wp\/v2\/comments?post=13383"}],"version-history":[{"count":16,"href":"https:\/\/www.fagace.org\/pt\/wp-json\/wp\/v2\/posts\/13383\/revisions"}],"predecessor-version":[{"id":13619,"href":"https:\/\/www.fagace.org\/pt\/wp-json\/wp\/v2\/posts\/13383\/revisions\/13619"}],"wp:featuredmedia":[{"embeddable":true,"href":"https:\/\/www.fagace.org\/pt\/wp-json\/wp\/v2\/media\/13384"}],"wp:attachment":[{"href":"https:\/\/www.fagace.org\/pt\/wp-json\/wp\/v2\/media?parent=13383"}],"wp:term":[{"taxonomy":"category","embeddable":true,"href":"https:\/\/www.fagace.org\/pt\/wp-json\/wp\/v2\/categories?post=13383"},{"taxonomy":"post_tag","embeddable":true,"href":"https:\/\/www.fagace.org\/pt\/wp-json\/wp\/v2\/tags?post=13383"}],"curies":[{"name":"wp","href":"https:\/\/api.w.org\/{rel}","templated":true}]}}