{"id":13389,"date":"2018-08-16T13:22:51","date_gmt":"2018-08-16T11:22:51","guid":{"rendered":"https:\/\/www.fagace.org\/?p=13389"},"modified":"2024-04-03T16:29:56","modified_gmt":"2024-04-03T14:29:56","slug":"allocution-de-m-henri-marie-dondra-directeur-general-a-loccasion-de-la-7eme-session-ordinaire-du-conseil-des-gouverneurs","status":"publish","type":"post","link":"https:\/\/www.fagace.org\/pt\/2018\/08\/16\/allocution-de-m-henri-marie-dondra-directeur-general-a-loccasion-de-la-7eme-session-ordinaire-du-conseil-des-gouverneurs\/","title":{"rendered":"Discurso de Henri-Marie DONDRA, Presidente do Conselho de Administra\u00e7\u00e3o, por ocasi\u00e3o da 7\u00aa Sess\u00e3o Ordin\u00e1ria do Conselho de Governadores"},"content":{"rendered":"<p>Senhor Presidente do Conselho de Governadores,<\/p>\n<p>Senhor Governador, Ministro das Finan\u00e7as do Benim,<\/p>\n<p>Membros do Conselho de Governadores,<\/p>\n<p>Senhor Presidente do Conselho de Administra\u00e7\u00e3o<\/p>\n<p>Senhores Directores,<\/p>\n<p>Minhas Senhoras e Meus Senhores<\/p>\n<p>\u00a0<\/p>\n<p>Bem-vindos \u00e0 cerim\u00f3nia oficial de abertura da 7\u00aa Sess\u00e3o Ordin\u00e1ria do Conselho de Governadores do Fundo Africano de Garantia e de Coopera\u00e7\u00e3o Econ\u00f3mica.<\/p>\n<p>Nesta ocasi\u00e3o, permitam-me antes de mais reiterar os meus agradecimentos \u00e0s autoridades beninenses, a v\u00e1rios n\u00edveis, pela sua preocupa\u00e7\u00e3o constante e pelo apoio multifacetado que continuam a prestar \u00e0 nossa institui\u00e7\u00e3o comum. Sua Excel\u00eancia, Senhor Ministro das Finan\u00e7as e da Economia do Benim, queira transmitir os nossos agradecimentos ao Presidente da Rep\u00fablica e a todos os membros do seu Governo.<\/p>\n<p>\u00a0<\/p>\n<p>\u00a0<\/p>\n<p>Senhor Presidente do Conselho de Governadores,<\/p>\n<p>Senhores Membros do Conselho de Governadores<\/p>\n<p>Minhas Senhoras e Meus Senhores,<\/p>\n<p>O FAGACE \u00e9 \u00fanico na medida em que re\u00fane pa\u00edses membros de v\u00e1rias zonas econ\u00f3micas de \u00c1frica. Esta diversidade exp\u00f5e-no \u00e0s condi\u00e7\u00f5es de crescimento das diferentes zonas do continente africano, que t\u00eam apresentado indicadores relativamente est\u00e1veis nos \u00faltimos anos. \u00c1frica, o continente do futuro e objeto de todos os apetites dos grandes grupos de investidores e dos pa\u00edses emergentes, dever\u00e1, no entanto, marcar passo em 2015 com um crescimento de cerca de 4,4%.<\/p>\n<p>\u00a0<\/p>\n<p>Esta press\u00e3o imp\u00f5e responsabilidades acrescidas \u00e0s institui\u00e7\u00f5es africanas no seu papel de contribuir para o desenvolvimento dos nossos pa\u00edses.<\/p>\n<p>\u00a0<\/p>\n<p>Senhores Membros do Conselho de Governadores<\/p>\n<p>Senhores Directores<\/p>\n<p>Minhas senhoras e meus senhores,<\/p>\n<p>\u00a0<\/p>\n<p>Perante estes desafios, a nossa institui\u00e7\u00e3o deve responder mais eficazmente aos pedidos prementes de garantias e de financiamentos directos dos pa\u00edses membros. Gra\u00e7as ao vosso apoio, o FAGACE empreendeu reformas eficazes e levou a cabo actividades que contribuir\u00e3o para o seu desenvolvimento. Assim, a institui\u00e7\u00e3o est\u00e1 a posicionar-se como um dos principais intervenientes no mercado financeiro.<\/p>\n<p>Com efeito, durante o exerc\u00edcio de 2014, o Fundo continuou a apoiar os Estados-Membros atrav\u00e9s de actividades operacionais que consistiram principalmente na prospe\u00e7\u00e3o e identifica\u00e7\u00e3o de novas opera\u00e7\u00f5es, o que nos permitiu dispor de uma reserva significativa de projectos das nossas economias. Estas actividades inclu\u00edram tamb\u00e9m a ado\u00e7\u00e3o de novos projectos, a continua\u00e7\u00e3o do saneamento da carteira e o acompanhamento de projectos em dificuldade.<\/p>\n<p>Nos planos administrativo e jur\u00eddico, as reformas efectuadas caracterizaram-se essencialmente pela organiza\u00e7\u00e3o e gest\u00e3o optimizada dos recursos humanos e materiais, bem como pela forma\u00e7\u00e3o do pessoal e pela garantia dos interesses da institui\u00e7\u00e3o.<\/p>\n<p>Em termos financeiros, o resultado l\u00edquido do exerc\u00edcio foi positivo. Este desempenho \u00e9 essencialmente justificado pelo controlo cont\u00ednuo das despesas, pela reorganiza\u00e7\u00e3o da carteira de projectos, mas tamb\u00e9m pela gest\u00e3o optimizada dos nossos recursos financeiros atrav\u00e9s de investimentos com um rendimento m\u00e9dio aceit\u00e1vel, o que permitiu melhorar os fundos pr\u00f3prios do Fundo.<\/p>\n<p>Em termos de coopera\u00e7\u00e3o, na sequ\u00eancia do aumento do capital da institui\u00e7\u00e3o, o Fundo prosseguiu a sua pol\u00edtica de abertura, encorajando a ades\u00e3o de novos Estados, institui\u00e7\u00f5es financeiras nacionais e internacionais e organiza\u00e7\u00f5es de desenvolvimento. As rela\u00e7\u00f5es com as institui\u00e7\u00f5es parceiras centraram-se na cria\u00e7\u00e3o de uma maior sinergia nas ac\u00e7\u00f5es, com vista a obter um maior impacto nas economias dos Estados membros.<\/p>\n<p>Foi dada uma \u00eanfase especial \u00e0 comunica\u00e7\u00e3o, com vista a manter os parceiros mais bem informados sobre a evolu\u00e7\u00e3o da situa\u00e7\u00e3o do Fundo, a melhorar a sua imagem e a relan\u00e7ar as suas diversas actividades operacionais.<\/p>\n<p>Estas medidas e ac\u00e7\u00f5es produziram resultados apreci\u00e1veis, mas ainda modestos.<\/p>\n<p>Gostaria de aproveitar esta ocasi\u00e3o solene para exprimir a minha profunda gratid\u00e3o \u00e0s Autoridades que n\u00e3o se pouparam a esfor\u00e7os para apoiar esta iniciativa destinada a restaurar a imagem de marca do FAGACE.<\/p>\n<p>Senhor Presidente do Conselho de Governadores<\/p>\n<p>Senhores Membros do Conselho Superior,<\/p>\n<p>A nossa Institui\u00e7\u00e3o comum deve desenvolver-se de forma sustent\u00e1vel. \u00c9 por isso que, tendo em conta a situa\u00e7\u00e3o financeira e as necessidades de financiamento de projectos nos nossos respectivos Estados, s\u00e3o urgentemente necess\u00e1rios recursos financeiros suficientes.<\/p>\n<p>Como poder\u00e3o constatar ao examinar os pontos da ordem de trabalhos, apesar do pedido de capital, algumas liberta\u00e7\u00f5es tardaram a concretizar-se.<\/p>\n<p>Estou certo de que n\u00e3o poupar\u00e3o esfor\u00e7os durante a vossa presente sess\u00e3o para chegarem \u00e0s melhores decis\u00f5es para refor\u00e7ar o nosso instrumento de apoio ao desenvolvimento e assegurar que lhe sejam atribu\u00eddos os recursos adequados para que possa continuar a cumprir a sua miss\u00e3o enquanto instrumento de desenvolvimento.<\/p>\n<p>Viva o Fundo Africano de Garantia e Coopera\u00e7\u00e3o Econ\u00f3mica,<\/p>\n<p>Muito obrigado.<\/p>\n","protected":false},"excerpt":{"rendered":"<p>Senhor Presidente do Conselho de Governadores, Senhor Governador, Ministro das Finan\u00e7as do Benim, Membros do Conselho de Governadores, Senhor Presidente do Conselho de Administra\u00e7\u00e3o Senhores Directores, Minhas Senhoras e Meus [&hellip;]<\/p>\n","protected":false},"author":1,"featured_media":13390,"comment_status":"open","ping_status":"open","sticky":false,"template":"","format":"standard","meta":{"_themeisle_gutenberg_block_has_review":false,"footnotes":""},"categories":[62],"tags":[],"class_list":["post-13389","post","type-post","status-publish","format-standard","has-post-thumbnail","hentry","category-discours"],"translation":{"provider":"WPGlobus","version":"2.10.10","language":"pt","enabled_languages":["fr","en","ar","pt"],"languages":{"fr":{"title":true,"content":true,"excerpt":false},"en":{"title":true,"content":true,"excerpt":false},"ar":{"title":true,"content":true,"excerpt":false},"pt":{"title":true,"content":true,"excerpt":false}}},"yoast_head":"<!-- This site is optimized with the Yoast SEO plugin v22.7 - https:\/\/yoast.com\/wordpress\/plugins\/seo\/ -->\n<title>Discurso de Henri-Marie DONDRA, Presidente do Conselho de Administra\u00e7\u00e3o, por ocasi\u00e3o da 7\u00aa Sess\u00e3o Ordin\u00e1ria do Conselho de Governadores - FAGACE<\/title>\n<meta name=\"robots\" content=\"index, follow, max-snippet:-1, max-image-preview:large, max-video-preview:-1\" \/>\n<link rel=\"canonical\" href=\"https:\/\/www.fagace.org\/2018\/08\/16\/allocution-de-m-henri-marie-dondra-directeur-general-a-loccasion-de-la-7eme-session-ordinaire-du-conseil-des-gouverneurs\/\" \/>\n<meta property=\"og:locale\" content=\"pt_PT\" \/>\n<meta property=\"og:type\" content=\"article\" \/>\n<meta property=\"og:title\" content=\"Discurso de Henri-Marie DONDRA, Presidente do Conselho de Administra\u00e7\u00e3o, por ocasi\u00e3o da 7\u00aa Sess\u00e3o Ordin\u00e1ria do Conselho de Governadores - FAGACE\" \/>\n<meta property=\"og:url\" content=\"https:\/\/www.fagace.org\/2018\/08\/16\/allocution-de-m-henri-marie-dondra-directeur-general-a-loccasion-de-la-7eme-session-ordinaire-du-conseil-des-gouverneurs\/\" \/>\n<meta property=\"og:site_name\" content=\"FAGACE\" \/>\n<meta property=\"article:publisher\" content=\"https:\/\/www.facebook.com\/fagaceorg\" \/>\n<meta property=\"article:published_time\" content=\"2018-08-16T11:22:51+00:00\" \/>\n<meta property=\"article:modified_time\" content=\"2024-04-03T14:29:56+00:00\" \/>\n<meta property=\"og:image\" content=\"https:\/\/www.fagace.org\/wp-content\/uploads\/2024\/04\/05_-_copie.jpg\" \/>\n\t<meta property=\"og:image:width\" content=\"336\" \/>\n\t<meta property=\"og:image:height\" content=\"360\" \/>\n\t<meta property=\"og:image:type\" content=\"image\/jpeg\" \/>\n<meta name=\"author\" content=\"gbaguididogratias1@gmail.com\" \/>\n<meta name=\"twitter:card\" content=\"summary_large_image\" \/>\n<meta name=\"twitter:creator\" content=\"@Fagace_Officiel\" \/>\n<meta name=\"twitter:site\" content=\"@Fagace_Officiel\" \/>\n<meta name=\"twitter:label1\" content=\"Written by\" \/>\n\t<meta name=\"twitter:data1\" content=\"gbaguididogratias1@gmail.com\" \/>\n\t<meta name=\"twitter:label2\" content=\"Est. reading time\" \/>\n\t<meta name=\"twitter:data2\" content=\"12 minutes\" \/>\n<script type=\"application\/ld+json\" class=\"yoast-schema-graph\">{\"@context\":\"https:\/\/schema.org\",\"@graph\":[{\"@type\":\"Article\",\"@id\":\"https:\/\/www.fagace.org\/2018\/08\/16\/allocution-de-m-henri-marie-dondra-directeur-general-a-loccasion-de-la-7eme-session-ordinaire-du-conseil-des-gouverneurs\/#article\",\"isPartOf\":{\"@id\":\"https:\/\/www.fagace.org\/2018\/08\/16\/allocution-de-m-henri-marie-dondra-directeur-general-a-loccasion-de-la-7eme-session-ordinaire-du-conseil-des-gouverneurs\/\"},\"author\":{\"name\":\"gbaguididogratias1@gmail.com\",\"@id\":\"https:\/\/www.fagace.org\/#\/schema\/person\/14bbfc5c35624503d3123e694c5d1575\"},\"headline\":\"Discurso de Henri-Marie DONDRA, Presidente do Conselho de Administra\u00e7\u00e3o, por ocasi\u00e3o da 7\u00aa Sess\u00e3o Ordin\u00e1ria do Conselho de Governadores\",\"datePublished\":\"2018-08-16T11:22:51+00:00\",\"dateModified\":\"2024-04-03T14:29:56+00:00\",\"mainEntityOfPage\":{\"@id\":\"https:\/\/www.fagace.org\/2018\/08\/16\/allocution-de-m-henri-marie-dondra-directeur-general-a-loccasion-de-la-7eme-session-ordinaire-du-conseil-des-gouverneurs\/\"},\"wordCount\":2420,\"commentCount\":0,\"publisher\":{\"@id\":\"https:\/\/www.fagace.org\/#organization\"},\"image\":{\"@id\":\"https:\/\/www.fagace.org\/2018\/08\/16\/allocution-de-m-henri-marie-dondra-directeur-general-a-loccasion-de-la-7eme-session-ordinaire-du-conseil-des-gouverneurs\/#primaryimage\"},\"thumbnailUrl\":\"https:\/\/www.fagace.org\/wp-content\/uploads\/2024\/04\/05_-_copie.jpg\",\"articleSection\":[\"Discurso\"],\"inLanguage\":\"pt-PT\",\"potentialAction\":[{\"@type\":\"CommentAction\",\"name\":\"Comment\",\"target\":[\"https:\/\/www.fagace.org\/2018\/08\/16\/allocution-de-m-henri-marie-dondra-directeur-general-a-loccasion-de-la-7eme-session-ordinaire-du-conseil-des-gouverneurs\/#respond\"]}]},{\"@type\":\"WebPage\",\"@id\":\"https:\/\/www.fagace.org\/2018\/08\/16\/allocution-de-m-henri-marie-dondra-directeur-general-a-loccasion-de-la-7eme-session-ordinaire-du-conseil-des-gouverneurs\/\",\"url\":\"https:\/\/www.fagace.org\/2018\/08\/16\/allocution-de-m-henri-marie-dondra-directeur-general-a-loccasion-de-la-7eme-session-ordinaire-du-conseil-des-gouverneurs\/\",\"name\":\"Discurso de Henri-Marie DONDRA, Presidente do Conselho de Administra\u00e7\u00e3o, por ocasi\u00e3o da 7\u00aa Sess\u00e3o Ordin\u00e1ria do Conselho de Governadores - FAGACE\",\"isPartOf\":{\"@id\":\"https:\/\/www.fagace.org\/#website\"},\"primaryImageOfPage\":{\"@id\":\"https:\/\/www.fagace.org\/2018\/08\/16\/allocution-de-m-henri-marie-dondra-directeur-general-a-loccasion-de-la-7eme-session-ordinaire-du-conseil-des-gouverneurs\/#primaryimage\"},\"image\":{\"@id\":\"https:\/\/www.fagace.org\/2018\/08\/16\/allocution-de-m-henri-marie-dondra-directeur-general-a-loccasion-de-la-7eme-session-ordinaire-du-conseil-des-gouverneurs\/#primaryimage\"},\"thumbnailUrl\":\"https:\/\/www.fagace.org\/wp-content\/uploads\/2024\/04\/05_-_copie.jpg\",\"datePublished\":\"2018-08-16T11:22:51+00:00\",\"dateModified\":\"2024-04-03T14:29:56+00:00\",\"breadcrumb\":{\"@id\":\"https:\/\/www.fagace.org\/2018\/08\/16\/allocution-de-m-henri-marie-dondra-directeur-general-a-loccasion-de-la-7eme-session-ordinaire-du-conseil-des-gouverneurs\/#breadcrumb\"},\"inLanguage\":\"pt-PT\",\"potentialAction\":[{\"@type\":\"ReadAction\",\"target\":[\"https:\/\/www.fagace.org\/2018\/08\/16\/allocution-de-m-henri-marie-dondra-directeur-general-a-loccasion-de-la-7eme-session-ordinaire-du-conseil-des-gouverneurs\/\"]}]},{\"@type\":\"ImageObject\",\"inLanguage\":\"pt-PT\",\"@id\":\"https:\/\/www.fagace.org\/2018\/08\/16\/allocution-de-m-henri-marie-dondra-directeur-general-a-loccasion-de-la-7eme-session-ordinaire-du-conseil-des-gouverneurs\/#primaryimage\",\"url\":\"https:\/\/www.fagace.org\/wp-content\/uploads\/2024\/04\/05_-_copie.jpg\",\"contentUrl\":\"https:\/\/www.fagace.org\/wp-content\/uploads\/2024\/04\/05_-_copie.jpg\",\"width\":336,\"height\":360,\"caption\":\"????????????????????????????????????\"},{\"@type\":\"BreadcrumbList\",\"@id\":\"https:\/\/www.fagace.org\/2018\/08\/16\/allocution-de-m-henri-marie-dondra-directeur-general-a-loccasion-de-la-7eme-session-ordinaire-du-conseil-des-gouverneurs\/#breadcrumb\",\"itemListElement\":[{\"@type\":\"ListItem\",\"position\":1,\"name\":\"Accueil\",\"item\":\"https:\/\/www.fagace.org\/\"},{\"@type\":\"ListItem\",\"position\":2,\"name\":\"Allocution de M. Henri-Marie DONDRA, Directeur G\u00e9n\u00e9ral, a l\u2019occasion de la 7\u00e8me session ordinaire du conseil des Gouverneurs\"}]},{\"@type\":\"WebSite\",\"@id\":\"https:\/\/www.fagace.org\/#website\",\"url\":\"https:\/\/www.fagace.org\/\",\"name\":\"{:fr}FAGACE{:}{:en}FAGACE{:}\",\"description\":\"Uma institui\u00e7\u00e3o financeira ao servi\u00e7o do desenvolvimento em \u00c1frica\",\"publisher\":{\"@id\":\"https:\/\/www.fagace.org\/#organization\"},\"potentialAction\":[{\"@type\":\"SearchAction\",\"target\":{\"@type\":\"EntryPoint\",\"urlTemplate\":\"https:\/\/www.fagace.org\/?s={search_term_string}\"},\"query-input\":\"required name=search_term_string\"}],\"inLanguage\":\"pt-PT\"},{\"@type\":\"Organization\",\"@id\":\"https:\/\/www.fagace.org\/#organization\",\"name\":\"{:fr}Fonds Africain de Garantie et de Coop\u00e9ration Economique{:}{:en}African Guarantee and Economic Cooperation Fund{:}\",\"url\":\"https:\/\/www.fagace.org\/\",\"logo\":{\"@type\":\"ImageObject\",\"inLanguage\":\"pt-PT\",\"@id\":\"https:\/\/www.fagace.org\/#\/schema\/logo\/image\/\",\"url\":\"https:\/\/www.fagace.org\/wp-content\/uploads\/2024\/04\/2003.jpg\",\"contentUrl\":\"https:\/\/www.fagace.org\/wp-content\/uploads\/2024\/04\/2003.jpg\",\"width\":580,\"height\":580,\"caption\":\"{:fr}Fonds Africain de Garantie et de Coop\u00e9ration Economique{:}{:en}African Guarantee and Economic Cooperation Fund{:}\"},\"image\":{\"@id\":\"https:\/\/www.fagace.org\/#\/schema\/logo\/image\/\"},\"sameAs\":[\"https:\/\/www.facebook.com\/fagaceorg\",\"https:\/\/x.com\/Fagace_Officiel\"]},{\"@type\":\"Person\",\"@id\":\"https:\/\/www.fagace.org\/#\/schema\/person\/14bbfc5c35624503d3123e694c5d1575\",\"name\":\"gbaguididogratias1@gmail.com\",\"image\":{\"@type\":\"ImageObject\",\"inLanguage\":\"pt-PT\",\"@id\":\"https:\/\/www.fagace.org\/#\/schema\/person\/image\/\",\"url\":\"https:\/\/secure.gravatar.com\/avatar\/98c69aa7b9e53409d22fa64a62d40da5e971a2c3cd617fce2ffe3978d4f49493?s=96&r=g&d=https:\/\/www.fagace.org\/wp-content\/plugins\/userswp\/assets\/images\/no_profile.png\",\"contentUrl\":\"https:\/\/secure.gravatar.com\/avatar\/98c69aa7b9e53409d22fa64a62d40da5e971a2c3cd617fce2ffe3978d4f49493?s=96&r=g&d=https:\/\/www.fagace.org\/wp-content\/plugins\/userswp\/assets\/images\/no_profile.png\",\"caption\":\"gbaguididogratias1@gmail.com\"},\"sameAs\":[\"https:\/\/www.fagace.org\"],\"url\":\"https:\/\/www.fagace.org\/pt\/profile-2\/gbaguididogratias1gmail-com\/\"}]}<\/script>\n<!-- \/ Yoast SEO plugin. -->","yoast_head_json":{"title":"Discurso de Henri-Marie DONDRA, Presidente do Conselho de Administra\u00e7\u00e3o, por ocasi\u00e3o da 7\u00aa Sess\u00e3o Ordin\u00e1ria do Conselho de Governadores - FAGACE","robots":{"index":"index","follow":"follow","max-snippet":"max-snippet:-1","max-image-preview":"max-image-preview:large","max-video-preview":"max-video-preview:-1"},"canonical":"https:\/\/www.fagace.org\/2018\/08\/16\/allocution-de-m-henri-marie-dondra-directeur-general-a-loccasion-de-la-7eme-session-ordinaire-du-conseil-des-gouverneurs\/","og_locale":"pt_PT","og_type":"article","og_title":"Discurso de Henri-Marie DONDRA, Presidente do Conselho de Administra\u00e7\u00e3o, por ocasi\u00e3o da 7\u00aa Sess\u00e3o Ordin\u00e1ria do Conselho de Governadores - FAGACE","og_url":"https:\/\/www.fagace.org\/2018\/08\/16\/allocution-de-m-henri-marie-dondra-directeur-general-a-loccasion-de-la-7eme-session-ordinaire-du-conseil-des-gouverneurs\/","og_site_name":"FAGACE","article_publisher":"https:\/\/www.facebook.com\/fagaceorg","article_published_time":"2018-08-16T11:22:51+00:00","article_modified_time":"2024-04-03T14:29:56+00:00","og_image":[{"width":336,"height":360,"url":"https:\/\/www.fagace.org\/wp-content\/uploads\/2024\/04\/05_-_copie.jpg","type":"image\/jpeg"}],"author":"gbaguididogratias1@gmail.com","twitter_card":"summary_large_image","twitter_creator":"@Fagace_Officiel","twitter_site":"@Fagace_Officiel","twitter_misc":{"Written by":"gbaguididogratias1@gmail.com","Est. reading time":"12 minutes"},"schema":{"@context":"https:\/\/schema.org","@graph":[{"@type":"Article","@id":"https:\/\/www.fagace.org\/2018\/08\/16\/allocution-de-m-henri-marie-dondra-directeur-general-a-loccasion-de-la-7eme-session-ordinaire-du-conseil-des-gouverneurs\/#article","isPartOf":{"@id":"https:\/\/www.fagace.org\/2018\/08\/16\/allocution-de-m-henri-marie-dondra-directeur-general-a-loccasion-de-la-7eme-session-ordinaire-du-conseil-des-gouverneurs\/"},"author":{"name":"gbaguididogratias1@gmail.com","@id":"https:\/\/www.fagace.org\/#\/schema\/person\/14bbfc5c35624503d3123e694c5d1575"},"headline":"Discurso de Henri-Marie DONDRA, Presidente do Conselho de Administra\u00e7\u00e3o, por ocasi\u00e3o da 7\u00aa Sess\u00e3o Ordin\u00e1ria do Conselho de Governadores","datePublished":"2018-08-16T11:22:51+00:00","dateModified":"2024-04-03T14:29:56+00:00","mainEntityOfPage":{"@id":"https:\/\/www.fagace.org\/2018\/08\/16\/allocution-de-m-henri-marie-dondra-directeur-general-a-loccasion-de-la-7eme-session-ordinaire-du-conseil-des-gouverneurs\/"},"wordCount":2420,"commentCount":0,"publisher":{"@id":"https:\/\/www.fagace.org\/#organization"},"image":{"@id":"https:\/\/www.fagace.org\/2018\/08\/16\/allocution-de-m-henri-marie-dondra-directeur-general-a-loccasion-de-la-7eme-session-ordinaire-du-conseil-des-gouverneurs\/#primaryimage"},"thumbnailUrl":"https:\/\/www.fagace.org\/wp-content\/uploads\/2024\/04\/05_-_copie.jpg","articleSection":["Discurso"],"inLanguage":"pt-PT","potentialAction":[{"@type":"CommentAction","name":"Comment","target":["https:\/\/www.fagace.org\/2018\/08\/16\/allocution-de-m-henri-marie-dondra-directeur-general-a-loccasion-de-la-7eme-session-ordinaire-du-conseil-des-gouverneurs\/#respond"]}]},{"@type":"WebPage","@id":"https:\/\/www.fagace.org\/2018\/08\/16\/allocution-de-m-henri-marie-dondra-directeur-general-a-loccasion-de-la-7eme-session-ordinaire-du-conseil-des-gouverneurs\/","url":"https:\/\/www.fagace.org\/2018\/08\/16\/allocution-de-m-henri-marie-dondra-directeur-general-a-loccasion-de-la-7eme-session-ordinaire-du-conseil-des-gouverneurs\/","name":"Discurso de Henri-Marie DONDRA, Presidente do Conselho de Administra\u00e7\u00e3o, por ocasi\u00e3o da 7\u00aa Sess\u00e3o Ordin\u00e1ria do Conselho de Governadores - FAGACE","isPartOf":{"@id":"https:\/\/www.fagace.org\/#website"},"primaryImageOfPage":{"@id":"https:\/\/www.fagace.org\/2018\/08\/16\/allocution-de-m-henri-marie-dondra-directeur-general-a-loccasion-de-la-7eme-session-ordinaire-du-conseil-des-gouverneurs\/#primaryimage"},"image":{"@id":"https:\/\/www.fagace.org\/2018\/08\/16\/allocution-de-m-henri-marie-dondra-directeur-general-a-loccasion-de-la-7eme-session-ordinaire-du-conseil-des-gouverneurs\/#primaryimage"},"thumbnailUrl":"https:\/\/www.fagace.org\/wp-content\/uploads\/2024\/04\/05_-_copie.jpg","datePublished":"2018-08-16T11:22:51+00:00","dateModified":"2024-04-03T14:29:56+00:00","breadcrumb":{"@id":"https:\/\/www.fagace.org\/2018\/08\/16\/allocution-de-m-henri-marie-dondra-directeur-general-a-loccasion-de-la-7eme-session-ordinaire-du-conseil-des-gouverneurs\/#breadcrumb"},"inLanguage":"pt-PT","potentialAction":[{"@type":"ReadAction","target":["https:\/\/www.fagace.org\/2018\/08\/16\/allocution-de-m-henri-marie-dondra-directeur-general-a-loccasion-de-la-7eme-session-ordinaire-du-conseil-des-gouverneurs\/"]}]},{"@type":"ImageObject","inLanguage":"pt-PT","@id":"https:\/\/www.fagace.org\/2018\/08\/16\/allocution-de-m-henri-marie-dondra-directeur-general-a-loccasion-de-la-7eme-session-ordinaire-du-conseil-des-gouverneurs\/#primaryimage","url":"https:\/\/www.fagace.org\/wp-content\/uploads\/2024\/04\/05_-_copie.jpg","contentUrl":"https:\/\/www.fagace.org\/wp-content\/uploads\/2024\/04\/05_-_copie.jpg","width":336,"height":360,"caption":"????????????????????????????????????"},{"@type":"BreadcrumbList","@id":"https:\/\/www.fagace.org\/2018\/08\/16\/allocution-de-m-henri-marie-dondra-directeur-general-a-loccasion-de-la-7eme-session-ordinaire-du-conseil-des-gouverneurs\/#breadcrumb","itemListElement":[{"@type":"ListItem","position":1,"name":"Accueil","item":"https:\/\/www.fagace.org\/"},{"@type":"ListItem","position":2,"name":"Allocution de M. Henri-Marie DONDRA, Directeur G\u00e9n\u00e9ral, a l\u2019occasion de la 7\u00e8me session ordinaire du conseil des Gouverneurs"}]},{"@type":"WebSite","@id":"https:\/\/www.fagace.org\/#website","url":"https:\/\/www.fagace.org\/","name":"{:fr}FAGACE{:}{:en}FAGACE{:}","description":"Uma institui\u00e7\u00e3o financeira ao servi\u00e7o do desenvolvimento em \u00c1frica","publisher":{"@id":"https:\/\/www.fagace.org\/#organization"},"potentialAction":[{"@type":"SearchAction","target":{"@type":"EntryPoint","urlTemplate":"https:\/\/www.fagace.org\/?s={search_term_string}"},"query-input":"required name=search_term_string"}],"inLanguage":"pt-PT"},{"@type":"Organization","@id":"https:\/\/www.fagace.org\/#organization","name":"{:fr}Fonds Africain de Garantie et de Coop\u00e9ration Economique{:}{:en}African Guarantee and Economic Cooperation Fund{:}","url":"https:\/\/www.fagace.org\/","logo":{"@type":"ImageObject","inLanguage":"pt-PT","@id":"https:\/\/www.fagace.org\/#\/schema\/logo\/image\/","url":"https:\/\/www.fagace.org\/wp-content\/uploads\/2024\/04\/2003.jpg","contentUrl":"https:\/\/www.fagace.org\/wp-content\/uploads\/2024\/04\/2003.jpg","width":580,"height":580,"caption":"{:fr}Fonds Africain de Garantie et de Coop\u00e9ration Economique{:}{:en}African Guarantee and Economic Cooperation Fund{:}"},"image":{"@id":"https:\/\/www.fagace.org\/#\/schema\/logo\/image\/"},"sameAs":["https:\/\/www.facebook.com\/fagaceorg","https:\/\/x.com\/Fagace_Officiel"]},{"@type":"Person","@id":"https:\/\/www.fagace.org\/#\/schema\/person\/14bbfc5c35624503d3123e694c5d1575","name":"gbaguididogratias1@gmail.com","image":{"@type":"ImageObject","inLanguage":"pt-PT","@id":"https:\/\/www.fagace.org\/#\/schema\/person\/image\/","url":"https:\/\/secure.gravatar.com\/avatar\/98c69aa7b9e53409d22fa64a62d40da5e971a2c3cd617fce2ffe3978d4f49493?s=96&r=g&d=https:\/\/www.fagace.org\/wp-content\/plugins\/userswp\/assets\/images\/no_profile.png","contentUrl":"https:\/\/secure.gravatar.com\/avatar\/98c69aa7b9e53409d22fa64a62d40da5e971a2c3cd617fce2ffe3978d4f49493?s=96&r=g&d=https:\/\/www.fagace.org\/wp-content\/plugins\/userswp\/assets\/images\/no_profile.png","caption":"gbaguididogratias1@gmail.com"},"sameAs":["https:\/\/www.fagace.org"],"url":"https:\/\/www.fagace.org\/pt\/profile-2\/gbaguididogratias1gmail-com\/"}]}},"_links":{"self":[{"href":"https:\/\/www.fagace.org\/pt\/wp-json\/wp\/v2\/posts\/13389","targetHints":{"allow":["GET"]}}],"collection":[{"href":"https:\/\/www.fagace.org\/pt\/wp-json\/wp\/v2\/posts"}],"about":[{"href":"https:\/\/www.fagace.org\/pt\/wp-json\/wp\/v2\/types\/post"}],"author":[{"embeddable":true,"href":"https:\/\/www.fagace.org\/pt\/wp-json\/wp\/v2\/users\/1"}],"replies":[{"embeddable":true,"href":"https:\/\/www.fagace.org\/pt\/wp-json\/wp\/v2\/comments?post=13389"}],"version-history":[{"count":16,"href":"https:\/\/www.fagace.org\/pt\/wp-json\/wp\/v2\/posts\/13389\/revisions"}],"predecessor-version":[{"id":13636,"href":"https:\/\/www.fagace.org\/pt\/wp-json\/wp\/v2\/posts\/13389\/revisions\/13636"}],"wp:featuredmedia":[{"embeddable":true,"href":"https:\/\/www.fagace.org\/pt\/wp-json\/wp\/v2\/media\/13390"}],"wp:attachment":[{"href":"https:\/\/www.fagace.org\/pt\/wp-json\/wp\/v2\/media?parent=13389"}],"wp:term":[{"taxonomy":"category","embeddable":true,"href":"https:\/\/www.fagace.org\/pt\/wp-json\/wp\/v2\/categories?post=13389"},{"taxonomy":"post_tag","embeddable":true,"href":"https:\/\/www.fagace.org\/pt\/wp-json\/wp\/v2\/tags?post=13389"}],"curies":[{"name":"wp","href":"https:\/\/api.w.org\/{rel}","templated":true}]}}