{"id":13395,"date":"2018-08-16T13:26:44","date_gmt":"2018-08-16T11:26:44","guid":{"rendered":"https:\/\/www.fagace.org\/?p=13395"},"modified":"2024-04-03T16:35:03","modified_gmt":"2024-04-03T14:35:03","slug":"7eme-session-ordinaire-du-conseil-des-gouverneurs-allocution-du-president-du-conseil-des-gouverneurs-en-exercice","status":"publish","type":"post","link":"https:\/\/www.fagace.org\/pt\/2018\/08\/16\/7eme-session-ordinaire-du-conseil-des-gouverneurs-allocution-du-president-du-conseil-des-gouverneurs-en-exercice\/","title":{"rendered":"7.\u00aa SESS\u00c3O ORDIN\u00c1RIA DO CONSELHO DE GOVERNADORES: DISCURSO DO PRESIDENTE DO CONSELHO DE GOVERNADORES NO ESCRIT\u00d3RIO"},"content":{"rendered":"<p>Distintos Ministros<\/p>\n<p>Distintos membros do Conselho de Governadores<\/p>\n<p>Directores,<\/p>\n<p>Senhor Diretor-Geral,<\/p>\n<p>Minhas Senhoras e Meus Senhores<\/p>\n<p>Seguindo as pisadas dos meus antecessores, gostaria de iniciar as minhas observa\u00e7\u00f5es dando-vos as boas-vindas a esta cerim\u00f3nia solene de abertura da 7\u00aa Sess\u00e3o Ordin\u00e1ria do Conselho de Governadores do Fundo Africano de Garantia e Coopera\u00e7\u00e3o Econ\u00f3mica, que se realiza este ano em Cotonou, no Benim.<\/p>\n<p>Gostaria de aproveitar esta oportunidade para exprimir a minha sincera gratid\u00e3o a Sua Excel\u00eancia o Dr. Boni YAYI e a todo o Governo do Benim pelo seu inabal\u00e1vel empenhamento e apoio \u00e0 nossa institui\u00e7\u00e3o comum.<\/p>\n<p>Honor\u00e1veis membros do Conselho de Governadores<\/p>\n<p>Minhas senhoras e meus senhores<\/p>\n<p>Estamos muito satisfeitos com a vossa presen\u00e7a aqui por mais do que uma raz\u00e3o, uma vez que confirma o interesse \u00f3bvio que sempre demonstraram pela nossa institui\u00e7\u00e3o de desenvolvimento comum. \u00c9 uma declara\u00e7\u00e3o de solidariedade que perpetua a vis\u00e3o dos pais fundadores do Fundo desde a sua cria\u00e7\u00e3o em 1977.<\/p>\n<p>O dever de mem\u00f3ria \u00e9 a melhor forma de manifestar a nossa gratid\u00e3o para com os grandes homens e a nossa lealdade para com os nobres ideais que eles encarnaram.<\/p>\n<p>Excelent\u00edssimos membros do Conselho de Governadores,<\/p>\n<p>Senhores Directores,<\/p>\n<p>Minhas senhoras e meus senhores,<\/p>\n<p>Como \u00e9 do vosso conhecimento, a nossa atual sess\u00e3o decorre num contexto internacional marcado por um crescimento not\u00e1vel mas estagnado na maioria dos nossos pa\u00edses.<\/p>\n<p>Pela primeira vez desde h\u00e1 uma gera\u00e7\u00e3o, a \u00c1frica contrariou a ret\u00f3rica pessimista. Com exce\u00e7\u00e3o de alguns pa\u00edses em guerra ou em transi\u00e7\u00e3o, a produ\u00e7\u00e3o econ\u00f3mica do continente regressou aos n\u00edveis anteriores \u00e0 crise financeira.<\/p>\n<p>Uma vez que a nossa institui\u00e7\u00e3o se situa nas zonas econ\u00f3micas da CEMAC e da UEMOA, por um lado, e da Maurit\u00e2nia e do Ruanda, por outro, os fundamentos macroecon\u00f3micos dos nossos pa\u00edses em geral influenciam o ambiente direto da nossa institui\u00e7\u00e3o.<\/p>\n<p>Neste contexto, a FAGACE deve desempenhar um papel cada vez mais ativo no processo de desenvolvimento da sua zona, refor\u00e7ando as suas interven\u00e7\u00f5es em benef\u00edcio dos nossos Estados e dos seus operadores econ\u00f3micos.<\/p>\n<p>H\u00e1 ainda muito a fazer para assegurar n\u00e3o s\u00f3 o nosso crescimento, mas tamb\u00e9m, e sobretudo, a nossa transforma\u00e7\u00e3o, a fim de consolidar os nossos ganhos e reduzir a nossa vulnerabilidade.<\/p>\n<p>Senhores membros do Conselho de Governadores<\/p>\n<p>Senhores Directores,<\/p>\n<p>Minhas Senhoras e Meus Senhores,<\/p>\n<p>\u00c0 luz do relat\u00f3rio do Conselho de Administra\u00e7\u00e3o apresentado ao nosso F\u00f3rum, que analisaremos em breve, teremos mais uma vez de tomar decis\u00f5es importantes sobre o funcionamento, o desenvolvimento das actividades e o futuro do Fundo.<\/p>\n<p>Distintos membros do Conselho de Governadores,<\/p>\n<p>Ao longo dos \u00faltimos anos, foram tomadas medidas para melhorar o funcionamento e apoiar o desenvolvimento das actividades da Institui\u00e7\u00e3o.<\/p>\n<p>Durante o exerc\u00edcio de 2014, as actividades do Fundo inseriram-se no quadro do plano quadrienal 2012-2015. As ac\u00e7\u00f5es realizadas centraram-se, portanto, na consolida\u00e7\u00e3o dos ganhos de recupera\u00e7\u00e3o e na diversifica\u00e7\u00e3o das actividades com resultados muito apreci\u00e1veis.<\/p>\n<p>Gostaria de reiterar as minhas felicita\u00e7\u00f5es ao Conselho de Administra\u00e7\u00e3o pela qualidade do seu trabalho de orienta\u00e7\u00e3o estrat\u00e9gica e pela forma como exerceu as suas fun\u00e7\u00f5es de supervis\u00e3o. As mesmas felicita\u00e7\u00f5es s\u00e3o extensivas ao Diretor-Geral e a todo o nosso pessoal.<\/p>\n<p>Tendo em conta a situa\u00e7\u00e3o financeira, que \u00e9 um bom aug\u00fario para o futuro, tal como descrito nos v\u00e1rios relat\u00f3rios submetidos \u00e0 nossa aten\u00e7\u00e3o, e as necessidades de financiamento de projectos nos nossos respectivos Estados, continua a ser mais necess\u00e1rio do que nunca que continuemos a dar \u00e0 nossa Institui\u00e7\u00e3o comum um apoio acrescido que lhe permita adaptar-se ao dinamismo do mercado, bem como novos recursos para os satisfazer.<\/p>\n<p>\u00c9 por esta raz\u00e3o que vos pe\u00e7o, caros colegas, que examinem com a maior dilig\u00eancia os dossiers inscritos na ordem de trabalhos desta 7\u00aa Sess\u00e3o Ordin\u00e1ria do Conselho de Governadores.<\/p>\n<p>Por \u00faltimo, gostaria de vos recordar que h\u00e1 atrasos no pagamento da primeira presta\u00e7\u00e3o do pedido de capital que t\u00eam de ser pagos. \u00c9 por isso que gostaria de vos pedir, caros colegas, que assegurem pessoalmente que os compromissos assumidos pelos nossos Estados sejam respeitados, de modo a permitir que a nossa Institui\u00e7\u00e3o prossiga efetivamente o processo de relan\u00e7amento das suas actividades.<\/p>\n<p>Desejando o maior sucesso aos nossos trabalhos, declaro aberta a 7\u00aa sess\u00e3o ordin\u00e1ria do Conselho de Governadores do Fundo de Garantia Africano e de Coopera\u00e7\u00e3o Econ\u00f3mica.<\/p>\n<p>Viva a solidariedade e a fraternidade africanas!<\/p>\n<p>Viva o FAGACE,<\/p>\n<p>Muito obrigado.<\/p>\n","protected":false},"excerpt":{"rendered":"<p>Distintos Ministros Distintos membros do Conselho de Governadores Directores, Senhor Diretor-Geral, Minhas Senhoras e Meus Senhores Seguindo as pisadas dos meus antecessores, gostaria de iniciar as minhas observa\u00e7\u00f5es dando-vos as [&hellip;]<\/p>\n","protected":false},"author":1,"featured_media":0,"comment_status":"open","ping_status":"open","sticky":false,"template":"","format":"standard","meta":{"_themeisle_gutenberg_block_has_review":false,"footnotes":""},"categories":[62],"tags":[],"class_list":["post-13395","post","type-post","status-publish","format-standard","hentry","category-discours"],"translation":{"provider":"WPGlobus","version":"2.10.10","language":"pt","enabled_languages":["fr","en","ar","pt"],"languages":{"fr":{"title":true,"content":true,"excerpt":false},"en":{"title":true,"content":true,"excerpt":false},"ar":{"title":true,"content":true,"excerpt":false},"pt":{"title":true,"content":true,"excerpt":false}}},"yoast_head":"<!-- This site is optimized with the Yoast SEO plugin v22.7 - https:\/\/yoast.com\/wordpress\/plugins\/seo\/ -->\n<title>7.\u00aa SESS\u00c3O ORDIN\u00c1RIA DO CONSELHO DE GOVERNADORES: DISCURSO DO PRESIDENTE DO CONSELHO DE GOVERNADORES NO ESCRIT\u00d3RIO - FAGACE<\/title>\n<meta name=\"robots\" content=\"index, follow, max-snippet:-1, max-image-preview:large, max-video-preview:-1\" \/>\n<link rel=\"canonical\" href=\"https:\/\/www.fagace.org\/2018\/08\/16\/7eme-session-ordinaire-du-conseil-des-gouverneurs-allocution-du-president-du-conseil-des-gouverneurs-en-exercice\/\" \/>\n<meta property=\"og:locale\" content=\"pt_PT\" \/>\n<meta property=\"og:type\" content=\"article\" \/>\n<meta property=\"og:title\" content=\"7.\u00aa SESS\u00c3O ORDIN\u00c1RIA DO CONSELHO DE GOVERNADORES: DISCURSO DO PRESIDENTE DO CONSELHO DE GOVERNADORES NO ESCRIT\u00d3RIO - FAGACE\" \/>\n<meta property=\"og:url\" content=\"https:\/\/www.fagace.org\/2018\/08\/16\/7eme-session-ordinaire-du-conseil-des-gouverneurs-allocution-du-president-du-conseil-des-gouverneurs-en-exercice\/\" \/>\n<meta property=\"og:site_name\" content=\"FAGACE\" \/>\n<meta property=\"article:publisher\" content=\"https:\/\/www.facebook.com\/fagaceorg\" \/>\n<meta property=\"article:published_time\" content=\"2018-08-16T11:26:44+00:00\" \/>\n<meta property=\"article:modified_time\" content=\"2024-04-03T14:35:03+00:00\" \/>\n<meta name=\"author\" content=\"gbaguididogratias1@gmail.com\" \/>\n<meta name=\"twitter:card\" content=\"summary_large_image\" \/>\n<meta name=\"twitter:creator\" content=\"@Fagace_Officiel\" \/>\n<meta name=\"twitter:site\" content=\"@Fagace_Officiel\" \/>\n<meta name=\"twitter:label1\" content=\"Written by\" \/>\n\t<meta name=\"twitter:data1\" content=\"gbaguididogratias1@gmail.com\" \/>\n\t<meta name=\"twitter:label2\" content=\"Est. reading time\" \/>\n\t<meta name=\"twitter:data2\" content=\"12 minutes\" \/>\n<script type=\"application\/ld+json\" class=\"yoast-schema-graph\">{\"@context\":\"https:\/\/schema.org\",\"@graph\":[{\"@type\":\"Article\",\"@id\":\"https:\/\/www.fagace.org\/2018\/08\/16\/7eme-session-ordinaire-du-conseil-des-gouverneurs-allocution-du-president-du-conseil-des-gouverneurs-en-exercice\/#article\",\"isPartOf\":{\"@id\":\"https:\/\/www.fagace.org\/2018\/08\/16\/7eme-session-ordinaire-du-conseil-des-gouverneurs-allocution-du-president-du-conseil-des-gouverneurs-en-exercice\/\"},\"author\":{\"name\":\"gbaguididogratias1@gmail.com\",\"@id\":\"https:\/\/www.fagace.org\/#\/schema\/person\/14bbfc5c35624503d3123e694c5d1575\"},\"headline\":\"7.\u00aa SESS\u00c3O ORDIN\u00c1RIA DO CONSELHO DE GOVERNADORES: DISCURSO DO PRESIDENTE DO CONSELHO DE GOVERNADORES NO ESCRIT\u00d3RIO\",\"datePublished\":\"2018-08-16T11:26:44+00:00\",\"dateModified\":\"2024-04-03T14:35:03+00:00\",\"mainEntityOfPage\":{\"@id\":\"https:\/\/www.fagace.org\/2018\/08\/16\/7eme-session-ordinaire-du-conseil-des-gouverneurs-allocution-du-president-du-conseil-des-gouverneurs-en-exercice\/\"},\"wordCount\":2394,\"commentCount\":0,\"publisher\":{\"@id\":\"https:\/\/www.fagace.org\/#organization\"},\"articleSection\":[\"Discurso\"],\"inLanguage\":\"pt-PT\",\"potentialAction\":[{\"@type\":\"CommentAction\",\"name\":\"Comment\",\"target\":[\"https:\/\/www.fagace.org\/2018\/08\/16\/7eme-session-ordinaire-du-conseil-des-gouverneurs-allocution-du-president-du-conseil-des-gouverneurs-en-exercice\/#respond\"]}]},{\"@type\":\"WebPage\",\"@id\":\"https:\/\/www.fagace.org\/2018\/08\/16\/7eme-session-ordinaire-du-conseil-des-gouverneurs-allocution-du-president-du-conseil-des-gouverneurs-en-exercice\/\",\"url\":\"https:\/\/www.fagace.org\/2018\/08\/16\/7eme-session-ordinaire-du-conseil-des-gouverneurs-allocution-du-president-du-conseil-des-gouverneurs-en-exercice\/\",\"name\":\"7.\u00aa SESS\u00c3O ORDIN\u00c1RIA DO CONSELHO DE GOVERNADORES: DISCURSO DO PRESIDENTE DO CONSELHO DE GOVERNADORES NO ESCRIT\u00d3RIO - FAGACE\",\"isPartOf\":{\"@id\":\"https:\/\/www.fagace.org\/#website\"},\"datePublished\":\"2018-08-16T11:26:44+00:00\",\"dateModified\":\"2024-04-03T14:35:03+00:00\",\"breadcrumb\":{\"@id\":\"https:\/\/www.fagace.org\/2018\/08\/16\/7eme-session-ordinaire-du-conseil-des-gouverneurs-allocution-du-president-du-conseil-des-gouverneurs-en-exercice\/#breadcrumb\"},\"inLanguage\":\"pt-PT\",\"potentialAction\":[{\"@type\":\"ReadAction\",\"target\":[\"https:\/\/www.fagace.org\/2018\/08\/16\/7eme-session-ordinaire-du-conseil-des-gouverneurs-allocution-du-president-du-conseil-des-gouverneurs-en-exercice\/\"]}]},{\"@type\":\"BreadcrumbList\",\"@id\":\"https:\/\/www.fagace.org\/2018\/08\/16\/7eme-session-ordinaire-du-conseil-des-gouverneurs-allocution-du-president-du-conseil-des-gouverneurs-en-exercice\/#breadcrumb\",\"itemListElement\":[{\"@type\":\"ListItem\",\"position\":1,\"name\":\"Accueil\",\"item\":\"https:\/\/www.fagace.org\/\"},{\"@type\":\"ListItem\",\"position\":2,\"name\":\"7\u00e8me SESSION ORDINAIRE DU CONSEIL DES GOUVERNEURS: ALLOCUTION DU PRESIDENT DU CONSEIL DES GOUVERNEURS EN EXERCICE\"}]},{\"@type\":\"WebSite\",\"@id\":\"https:\/\/www.fagace.org\/#website\",\"url\":\"https:\/\/www.fagace.org\/\",\"name\":\"{:fr}FAGACE{:}{:en}FAGACE{:}\",\"description\":\"Uma institui\u00e7\u00e3o financeira ao servi\u00e7o do desenvolvimento em \u00c1frica\",\"publisher\":{\"@id\":\"https:\/\/www.fagace.org\/#organization\"},\"potentialAction\":[{\"@type\":\"SearchAction\",\"target\":{\"@type\":\"EntryPoint\",\"urlTemplate\":\"https:\/\/www.fagace.org\/?s={search_term_string}\"},\"query-input\":\"required name=search_term_string\"}],\"inLanguage\":\"pt-PT\"},{\"@type\":\"Organization\",\"@id\":\"https:\/\/www.fagace.org\/#organization\",\"name\":\"{:fr}Fonds Africain de Garantie et de Coop\u00e9ration Economique{:}{:en}African Guarantee and Economic Cooperation Fund{:}\",\"url\":\"https:\/\/www.fagace.org\/\",\"logo\":{\"@type\":\"ImageObject\",\"inLanguage\":\"pt-PT\",\"@id\":\"https:\/\/www.fagace.org\/#\/schema\/logo\/image\/\",\"url\":\"https:\/\/www.fagace.org\/wp-content\/uploads\/2024\/04\/2003.jpg\",\"contentUrl\":\"https:\/\/www.fagace.org\/wp-content\/uploads\/2024\/04\/2003.jpg\",\"width\":580,\"height\":580,\"caption\":\"{:fr}Fonds Africain de Garantie et de Coop\u00e9ration Economique{:}{:en}African Guarantee and Economic Cooperation Fund{:}\"},\"image\":{\"@id\":\"https:\/\/www.fagace.org\/#\/schema\/logo\/image\/\"},\"sameAs\":[\"https:\/\/www.facebook.com\/fagaceorg\",\"https:\/\/x.com\/Fagace_Officiel\"]},{\"@type\":\"Person\",\"@id\":\"https:\/\/www.fagace.org\/#\/schema\/person\/14bbfc5c35624503d3123e694c5d1575\",\"name\":\"gbaguididogratias1@gmail.com\",\"image\":{\"@type\":\"ImageObject\",\"inLanguage\":\"pt-PT\",\"@id\":\"https:\/\/www.fagace.org\/#\/schema\/person\/image\/\",\"url\":\"https:\/\/secure.gravatar.com\/avatar\/98c69aa7b9e53409d22fa64a62d40da5e971a2c3cd617fce2ffe3978d4f49493?s=96&r=g&d=https:\/\/www.fagace.org\/wp-content\/plugins\/userswp\/assets\/images\/no_profile.png\",\"contentUrl\":\"https:\/\/secure.gravatar.com\/avatar\/98c69aa7b9e53409d22fa64a62d40da5e971a2c3cd617fce2ffe3978d4f49493?s=96&r=g&d=https:\/\/www.fagace.org\/wp-content\/plugins\/userswp\/assets\/images\/no_profile.png\",\"caption\":\"gbaguididogratias1@gmail.com\"},\"sameAs\":[\"https:\/\/www.fagace.org\"],\"url\":\"https:\/\/www.fagace.org\/pt\/profile-2\/gbaguididogratias1gmail-com\/\"}]}<\/script>\n<!-- \/ Yoast SEO plugin. -->","yoast_head_json":{"title":"7.\u00aa SESS\u00c3O ORDIN\u00c1RIA DO CONSELHO DE GOVERNADORES: DISCURSO DO PRESIDENTE DO CONSELHO DE GOVERNADORES NO ESCRIT\u00d3RIO - FAGACE","robots":{"index":"index","follow":"follow","max-snippet":"max-snippet:-1","max-image-preview":"max-image-preview:large","max-video-preview":"max-video-preview:-1"},"canonical":"https:\/\/www.fagace.org\/2018\/08\/16\/7eme-session-ordinaire-du-conseil-des-gouverneurs-allocution-du-president-du-conseil-des-gouverneurs-en-exercice\/","og_locale":"pt_PT","og_type":"article","og_title":"7.\u00aa SESS\u00c3O ORDIN\u00c1RIA DO CONSELHO DE GOVERNADORES: DISCURSO DO PRESIDENTE DO CONSELHO DE GOVERNADORES NO ESCRIT\u00d3RIO - FAGACE","og_url":"https:\/\/www.fagace.org\/2018\/08\/16\/7eme-session-ordinaire-du-conseil-des-gouverneurs-allocution-du-president-du-conseil-des-gouverneurs-en-exercice\/","og_site_name":"FAGACE","article_publisher":"https:\/\/www.facebook.com\/fagaceorg","article_published_time":"2018-08-16T11:26:44+00:00","article_modified_time":"2024-04-03T14:35:03+00:00","author":"gbaguididogratias1@gmail.com","twitter_card":"summary_large_image","twitter_creator":"@Fagace_Officiel","twitter_site":"@Fagace_Officiel","twitter_misc":{"Written by":"gbaguididogratias1@gmail.com","Est. reading time":"12 minutes"},"schema":{"@context":"https:\/\/schema.org","@graph":[{"@type":"Article","@id":"https:\/\/www.fagace.org\/2018\/08\/16\/7eme-session-ordinaire-du-conseil-des-gouverneurs-allocution-du-president-du-conseil-des-gouverneurs-en-exercice\/#article","isPartOf":{"@id":"https:\/\/www.fagace.org\/2018\/08\/16\/7eme-session-ordinaire-du-conseil-des-gouverneurs-allocution-du-president-du-conseil-des-gouverneurs-en-exercice\/"},"author":{"name":"gbaguididogratias1@gmail.com","@id":"https:\/\/www.fagace.org\/#\/schema\/person\/14bbfc5c35624503d3123e694c5d1575"},"headline":"7.\u00aa SESS\u00c3O ORDIN\u00c1RIA DO CONSELHO DE GOVERNADORES: DISCURSO DO PRESIDENTE DO CONSELHO DE GOVERNADORES NO ESCRIT\u00d3RIO","datePublished":"2018-08-16T11:26:44+00:00","dateModified":"2024-04-03T14:35:03+00:00","mainEntityOfPage":{"@id":"https:\/\/www.fagace.org\/2018\/08\/16\/7eme-session-ordinaire-du-conseil-des-gouverneurs-allocution-du-president-du-conseil-des-gouverneurs-en-exercice\/"},"wordCount":2394,"commentCount":0,"publisher":{"@id":"https:\/\/www.fagace.org\/#organization"},"articleSection":["Discurso"],"inLanguage":"pt-PT","potentialAction":[{"@type":"CommentAction","name":"Comment","target":["https:\/\/www.fagace.org\/2018\/08\/16\/7eme-session-ordinaire-du-conseil-des-gouverneurs-allocution-du-president-du-conseil-des-gouverneurs-en-exercice\/#respond"]}]},{"@type":"WebPage","@id":"https:\/\/www.fagace.org\/2018\/08\/16\/7eme-session-ordinaire-du-conseil-des-gouverneurs-allocution-du-president-du-conseil-des-gouverneurs-en-exercice\/","url":"https:\/\/www.fagace.org\/2018\/08\/16\/7eme-session-ordinaire-du-conseil-des-gouverneurs-allocution-du-president-du-conseil-des-gouverneurs-en-exercice\/","name":"7.\u00aa SESS\u00c3O ORDIN\u00c1RIA DO CONSELHO DE GOVERNADORES: DISCURSO DO PRESIDENTE DO CONSELHO DE GOVERNADORES NO ESCRIT\u00d3RIO - FAGACE","isPartOf":{"@id":"https:\/\/www.fagace.org\/#website"},"datePublished":"2018-08-16T11:26:44+00:00","dateModified":"2024-04-03T14:35:03+00:00","breadcrumb":{"@id":"https:\/\/www.fagace.org\/2018\/08\/16\/7eme-session-ordinaire-du-conseil-des-gouverneurs-allocution-du-president-du-conseil-des-gouverneurs-en-exercice\/#breadcrumb"},"inLanguage":"pt-PT","potentialAction":[{"@type":"ReadAction","target":["https:\/\/www.fagace.org\/2018\/08\/16\/7eme-session-ordinaire-du-conseil-des-gouverneurs-allocution-du-president-du-conseil-des-gouverneurs-en-exercice\/"]}]},{"@type":"BreadcrumbList","@id":"https:\/\/www.fagace.org\/2018\/08\/16\/7eme-session-ordinaire-du-conseil-des-gouverneurs-allocution-du-president-du-conseil-des-gouverneurs-en-exercice\/#breadcrumb","itemListElement":[{"@type":"ListItem","position":1,"name":"Accueil","item":"https:\/\/www.fagace.org\/"},{"@type":"ListItem","position":2,"name":"7\u00e8me SESSION ORDINAIRE DU CONSEIL DES GOUVERNEURS: ALLOCUTION DU PRESIDENT DU CONSEIL DES GOUVERNEURS EN EXERCICE"}]},{"@type":"WebSite","@id":"https:\/\/www.fagace.org\/#website","url":"https:\/\/www.fagace.org\/","name":"{:fr}FAGACE{:}{:en}FAGACE{:}","description":"Uma institui\u00e7\u00e3o financeira ao servi\u00e7o do desenvolvimento em \u00c1frica","publisher":{"@id":"https:\/\/www.fagace.org\/#organization"},"potentialAction":[{"@type":"SearchAction","target":{"@type":"EntryPoint","urlTemplate":"https:\/\/www.fagace.org\/?s={search_term_string}"},"query-input":"required name=search_term_string"}],"inLanguage":"pt-PT"},{"@type":"Organization","@id":"https:\/\/www.fagace.org\/#organization","name":"{:fr}Fonds Africain de Garantie et de Coop\u00e9ration Economique{:}{:en}African Guarantee and Economic Cooperation Fund{:}","url":"https:\/\/www.fagace.org\/","logo":{"@type":"ImageObject","inLanguage":"pt-PT","@id":"https:\/\/www.fagace.org\/#\/schema\/logo\/image\/","url":"https:\/\/www.fagace.org\/wp-content\/uploads\/2024\/04\/2003.jpg","contentUrl":"https:\/\/www.fagace.org\/wp-content\/uploads\/2024\/04\/2003.jpg","width":580,"height":580,"caption":"{:fr}Fonds Africain de Garantie et de Coop\u00e9ration Economique{:}{:en}African Guarantee and Economic Cooperation Fund{:}"},"image":{"@id":"https:\/\/www.fagace.org\/#\/schema\/logo\/image\/"},"sameAs":["https:\/\/www.facebook.com\/fagaceorg","https:\/\/x.com\/Fagace_Officiel"]},{"@type":"Person","@id":"https:\/\/www.fagace.org\/#\/schema\/person\/14bbfc5c35624503d3123e694c5d1575","name":"gbaguididogratias1@gmail.com","image":{"@type":"ImageObject","inLanguage":"pt-PT","@id":"https:\/\/www.fagace.org\/#\/schema\/person\/image\/","url":"https:\/\/secure.gravatar.com\/avatar\/98c69aa7b9e53409d22fa64a62d40da5e971a2c3cd617fce2ffe3978d4f49493?s=96&r=g&d=https:\/\/www.fagace.org\/wp-content\/plugins\/userswp\/assets\/images\/no_profile.png","contentUrl":"https:\/\/secure.gravatar.com\/avatar\/98c69aa7b9e53409d22fa64a62d40da5e971a2c3cd617fce2ffe3978d4f49493?s=96&r=g&d=https:\/\/www.fagace.org\/wp-content\/plugins\/userswp\/assets\/images\/no_profile.png","caption":"gbaguididogratias1@gmail.com"},"sameAs":["https:\/\/www.fagace.org"],"url":"https:\/\/www.fagace.org\/pt\/profile-2\/gbaguididogratias1gmail-com\/"}]}},"_links":{"self":[{"href":"https:\/\/www.fagace.org\/pt\/wp-json\/wp\/v2\/posts\/13395","targetHints":{"allow":["GET"]}}],"collection":[{"href":"https:\/\/www.fagace.org\/pt\/wp-json\/wp\/v2\/posts"}],"about":[{"href":"https:\/\/www.fagace.org\/pt\/wp-json\/wp\/v2\/types\/post"}],"author":[{"embeddable":true,"href":"https:\/\/www.fagace.org\/pt\/wp-json\/wp\/v2\/users\/1"}],"replies":[{"embeddable":true,"href":"https:\/\/www.fagace.org\/pt\/wp-json\/wp\/v2\/comments?post=13395"}],"version-history":[{"count":16,"href":"https:\/\/www.fagace.org\/pt\/wp-json\/wp\/v2\/posts\/13395\/revisions"}],"predecessor-version":[{"id":13667,"href":"https:\/\/www.fagace.org\/pt\/wp-json\/wp\/v2\/posts\/13395\/revisions\/13667"}],"wp:attachment":[{"href":"https:\/\/www.fagace.org\/pt\/wp-json\/wp\/v2\/media?parent=13395"}],"wp:term":[{"taxonomy":"category","embeddable":true,"href":"https:\/\/www.fagace.org\/pt\/wp-json\/wp\/v2\/categories?post=13395"},{"taxonomy":"post_tag","embeddable":true,"href":"https:\/\/www.fagace.org\/pt\/wp-json\/wp\/v2\/tags?post=13395"}],"curies":[{"name":"wp","href":"https:\/\/api.w.org\/{rel}","templated":true}]}}