{"id":13400,"date":"2018-08-16T13:33:12","date_gmt":"2018-08-16T11:33:12","guid":{"rendered":"https:\/\/www.fagace.org\/?p=13400"},"modified":"2024-04-03T16:46:52","modified_gmt":"2024-04-03T14:46:52","slug":"allocution-de-m-henri-marie-dondra-directeur-general-du-fagace-lors-de-la-ceremonie-de-signature-de-laccord-de-siege-entre-la-republique-du-cameroun-et-le-fagace","status":"publish","type":"post","link":"https:\/\/www.fagace.org\/pt\/2018\/08\/16\/allocution-de-m-henri-marie-dondra-directeur-general-du-fagace-lors-de-la-ceremonie-de-signature-de-laccord-de-siege-entre-la-republique-du-cameroun-et-le-fagace\/","title":{"rendered":"Discurso do Sr. Henri-Marie DONDRA, Diretor-Geral da FAGACE, na cerim\u00f3nia de assinatura do Acordo de Sede entre a Rep\u00fablica dos Camar\u00f5es e a FAGACE"},"content":{"rendered":"<p>Sua Excel\u00eancia, Ministro das Rela\u00e7\u00f5es Exteriores,<\/p>\n<p>Sua Excel\u00eancia o Ministro das Finan\u00e7as<\/p>\n<p>Sua Excel\u00eancia o Ministro da Economia, do Planeamento e do Desenvolvimento Regional, Sua Excel\u00eancia o Ministro das Minas, da Ind\u00fastria e do Desenvolvimento Tecnol\u00f3gico<\/p>\n<p>Sua Excel\u00eancia o Ministro das Minas, da Ind\u00fastria e do Desenvolvimento Tecnol\u00f3gico,<\/p>\n<p>Sua Excel\u00eancia, o Ministro das Pequenas e M\u00e9dias Empresas, da Economia Social e do Artesanato,<\/p>\n<p>Sua Excel\u00eancia, o Ministro da Administra\u00e7\u00e3o do Territ\u00f3rio e da Descentraliza\u00e7\u00e3o,<\/p>\n<p>Sua Excel\u00eancia, o Ministro da Agricultura e do Desenvolvimento Rural,<\/p>\n<p>Excel\u00eancias, Embaixadores, Chefes de Miss\u00f5es Diplom\u00e1ticas e Representantes de Organiza\u00e7\u00f5es Internacionais,<\/p>\n<p>Senhores convidados,<\/p>\n<p>Minhas Senhoras e Meus Senhores, nas vossas categorias e capacidades,<\/p>\n<p>Permitam-me que comece por exprimir a minha profunda gratid\u00e3o a Sua Excel\u00eancia o Senhor Paul BIYA, Presidente da Rep\u00fablica dos Camar\u00f5es, pelo apoio constante e multifacetado que tem dado ao Fundo Africano de Garantia e Coopera\u00e7\u00e3o Econ\u00f3mica desde que os Camar\u00f5es aderiram ao Fundo em 2006.<\/p>\n<p>Excelent\u00edssimo Senhor Ministro das Rela\u00e7\u00f5es Externas<br \/>Queira transmitir os nossos sinceros agradecimentos ao Presidente da Rep\u00fablica e a todos os membros do seu Governo.<\/p>\n<p>A presen\u00e7a ilustre e a forte mobiliza\u00e7\u00e3o do Governo dos Camar\u00f5es refor\u00e7am o significado desta cerim\u00f3nia de assinatura do acordo de sede do FAGACE nos Camar\u00f5es e honram-nos de v\u00e1rias formas.<\/p>\n<p>Esta mobiliza\u00e7\u00e3o \u00e9 um testemunho eloquente do interesse especial que os Camar\u00f5es t\u00eam pela FAGACE, com a qual mant\u00e9m uma parceria din\u00e2mica e frutuosa.<\/p>\n<p>\u00c9 tamb\u00e9m um sinal de amizade e de apoio \u00e0 nossa institui\u00e7\u00e3o e ao seu trabalho em todo o continente.<\/p>\n<p>Por conseguinte, gostaria de aproveitar esta oportunidade para lhe apresentar, em nome do Conselho de Governadores do Fundo e em meu nome pessoal, as nossas mais calorosas felicita\u00e7\u00f5es pelos esfor\u00e7os constantes desenvolvidos pelo seu Governo para promover a influ\u00eancia econ\u00f3mica e social do seu amado pa\u00eds em \u00c1frica e em todo o mundo.<\/p>\n<p>Gostaria igualmente de agradecer \u00e0s autoridades camaronesas, a v\u00e1rios n\u00edveis, pela qualidade dos debates que mantivemos durante as actividades preparat\u00f3rias deste acordo.<\/p>\n<p>Excel\u00eancias, Senhoras e Senhores<\/p>\n<p>Minhas Senhoras e Meus Senhores<\/p>\n<p>A FAGACE congratula-se por poder apoiar o Governo dos Camar\u00f5es na implementa\u00e7\u00e3o dos programas de desenvolvimento cujas actividades s\u00e3o oficialmente lan\u00e7adas nesta cerim\u00f3nia.<br \/>Gostaria de recordar que o FAGACE se insere perfeitamente na nova orienta\u00e7\u00e3o estrat\u00e9gica definida nos Camar\u00f5es, uma vez que a sua miss\u00e3o consiste em contribuir para o desenvolvimento econ\u00f3mico e social dos seus Estados-Membros, participando no financiamento dos seus projectos de desenvolvimento ou facilitando a sua execu\u00e7\u00e3o atrav\u00e9s de medidas de apoio como a bonifica\u00e7\u00e3o ou o prolongamento da dura\u00e7\u00e3o dos empr\u00e9stimos e das garantias de empr\u00e9stimo.<br \/>Neste ponto da minha interven\u00e7\u00e3o, gostaria de vos fazer uma breve apresenta\u00e7\u00e3o do FAGACE.<br \/>O Fonds Africain de Garantie et de Coop\u00e9ration Economique (FAGACE) \u00e9 uma institui\u00e7\u00e3o financeira internacional especializada na promo\u00e7\u00e3o do investimento p\u00fablico e privado. Foi criado em 10 de fevereiro de 1977, em Kigali, na Confer\u00eancia dos Chefes de Estado da OCAM, e tem a sua sede em Cotonou, no Benim. Atualmente, \u00e9 composta por 14 pa\u00edses: Benim, Burkina Faso, Camar\u00f5es, Rep\u00fablica Centro-Africana, Chade, Congo, Costa do Marfim, Guin\u00e9-Bissau, Mali, Maurit\u00e2nia, N\u00edger, Ruanda, Senegal e Togo. Tendo em conta a diversidade das realidades dos pa\u00edses membros e, sobretudo, a fim de responder mais eficazmente \u00e0s necessidades espec\u00edficas dos governos e dos operadores econ\u00f3micos dos pa\u00edses da zona CEMAC, inici\u00e1mos, nos \u00faltimos anos, uma pol\u00edtica de descentraliza\u00e7\u00e3o das nossas actividades com a cria\u00e7\u00e3o de uma Representa\u00e7\u00e3o Regional do Fundo na \u00c1frica Central, com sede nos Camar\u00f5es. O peso econ\u00f3mico e demogr\u00e1fico dos Camar\u00f5es, bem como a sua posi\u00e7\u00e3o geogr\u00e1fica estrat\u00e9gica no cora\u00e7\u00e3o da zona CEMAC, fazem deste pa\u00eds a locomotiva natural da \u00c1frica Central.<\/p>\n<p>Excel\u00eancias, Senhoras e Senhores<\/p>\n<p>Minhas Senhoras e Meus Senhores<\/p>\n<p>Como sabem, o FAGACE acompanha os agentes econ\u00f3micos dos Camar\u00f5es h\u00e1 quase 10 anos, apoiando numerosos projectos de desenvolvimento.<\/p>\n<p>O Fundo mobilizou mais de 73 mil milh\u00f5es de francos CFAF para projectos de desenvolvimento dos Camar\u00f5es com parceiros como a BIOPHARMA na ind\u00fastria farmac\u00eautica, a SPM na agricultura e a Petrolex no sector da energia, para citar apenas alguns.<\/p>\n<p>Estes resultados s\u00e3o apreci\u00e1veis, mas a coopera\u00e7\u00e3o entre a Rep\u00fablica dos Camar\u00f5es e o FAGACE pode ainda ser muito melhorada, tendo em conta o dinamismo dos actores e o enorme potencial do mercado.<\/p>\n<p>Por conseguinte, continuo convencido de que este acordo n\u00e3o s\u00f3 acelerar\u00e1 as opera\u00e7\u00f5es da FAGACE nos Camar\u00f5es, como tamb\u00e9m ajudar\u00e1 a refor\u00e7ar as rela\u00e7\u00f5es com os actores do desenvolvimento, para que possamos dar o nosso contributo para a constru\u00e7\u00e3o do pa\u00eds e de toda a sub-regi\u00e3o.<\/p>\n<p>\u00c9, pois, com bons motivos que tenho o prazer de lan\u00e7ar um apelo vigoroso aos operadores econ\u00f3micos privados e p\u00fablicos, bem como aos agentes financeiros dos Camar\u00f5es e dos pa\u00edses membros da CEMAC, para que, em conjunto, possamos desenvolver uma sinergia de ac\u00e7\u00f5es para financiar projectos de desenvolvimento na \u00c1frica Central. O mercado regional deve ser n\u00e3o s\u00f3 competitivo, mas tamb\u00e9m altamente integrado.<\/p>\n<p>Podem contar connosco para vos apoiar na implementa\u00e7\u00e3o de iniciativas para um crescimento sustent\u00e1vel e inclusivo.<\/p>\n<p>Excel\u00eancias, Minhas Senhoras e Meus Senhores<\/p>\n<p>Minhas senhoras e meus senhores,<\/p>\n<p>\u00c9 com estas palavras que gostaria de concluir a minha interven\u00e7\u00e3o, renovando, em meu nome pessoal e em nome da delega\u00e7\u00e3o que me acompanha, o nosso sincero agradecimento e a nossa sincera gratid\u00e3o \u00e0s Autoridades e a todas as equipas t\u00e9cnicas que trabalharam para tornar este projeto uma realidade.<\/p>\n<p>Viva a coopera\u00e7\u00e3o regional,<\/p>\n<p>Viva a coopera\u00e7\u00e3o entre a FAGACE e a Rep\u00fablica dos Camar\u00f5es.<\/p>\n<p>Muito obrigado pela vossa aten\u00e7\u00e3o.<\/p>\n<p>\u00a0<\/p>\n","protected":false},"excerpt":{"rendered":"<p>Sua Excel\u00eancia, Ministro das Rela\u00e7\u00f5es Exteriores, Sua Excel\u00eancia o Ministro das Finan\u00e7as Sua Excel\u00eancia o Ministro da Economia, do Planeamento e do Desenvolvimento Regional, Sua Excel\u00eancia o Ministro das Minas, [&hellip;]<\/p>\n","protected":false},"author":1,"featured_media":0,"comment_status":"open","ping_status":"open","sticky":false,"template":"","format":"standard","meta":{"_themeisle_gutenberg_block_has_review":false,"footnotes":""},"categories":[62],"tags":[],"class_list":["post-13400","post","type-post","status-publish","format-standard","hentry","category-discours"],"translation":{"provider":"WPGlobus","version":"2.10.10","language":"pt","enabled_languages":["fr","en","ar","pt"],"languages":{"fr":{"title":true,"content":true,"excerpt":false},"en":{"title":true,"content":true,"excerpt":false},"ar":{"title":true,"content":true,"excerpt":false},"pt":{"title":true,"content":true,"excerpt":false}}},"yoast_head":"<!-- This site is optimized with the Yoast SEO plugin v22.7 - https:\/\/yoast.com\/wordpress\/plugins\/seo\/ -->\n<title>Discurso do Sr. Henri-Marie DONDRA, Diretor-Geral da FAGACE, na cerim\u00f3nia de assinatura do Acordo de Sede entre a Rep\u00fablica dos Camar\u00f5es e a FAGACE - FAGACE<\/title>\n<meta name=\"robots\" content=\"index, follow, max-snippet:-1, max-image-preview:large, max-video-preview:-1\" \/>\n<link rel=\"canonical\" href=\"https:\/\/www.fagace.org\/2018\/08\/16\/allocution-de-m-henri-marie-dondra-directeur-general-du-fagace-lors-de-la-ceremonie-de-signature-de-laccord-de-siege-entre-la-republique-du-cameroun-et-le-fagace\/\" \/>\n<meta property=\"og:locale\" content=\"pt_PT\" \/>\n<meta property=\"og:type\" content=\"article\" \/>\n<meta property=\"og:title\" content=\"Discurso do Sr. Henri-Marie DONDRA, Diretor-Geral da FAGACE, na cerim\u00f3nia de assinatura do Acordo de Sede entre a Rep\u00fablica dos Camar\u00f5es e a FAGACE - FAGACE\" \/>\n<meta property=\"og:url\" content=\"https:\/\/www.fagace.org\/2018\/08\/16\/allocution-de-m-henri-marie-dondra-directeur-general-du-fagace-lors-de-la-ceremonie-de-signature-de-laccord-de-siege-entre-la-republique-du-cameroun-et-le-fagace\/\" \/>\n<meta property=\"og:site_name\" content=\"FAGACE\" \/>\n<meta property=\"article:publisher\" content=\"https:\/\/www.facebook.com\/fagaceorg\" \/>\n<meta property=\"article:published_time\" content=\"2018-08-16T11:33:12+00:00\" \/>\n<meta property=\"article:modified_time\" content=\"2024-04-03T14:46:52+00:00\" \/>\n<meta name=\"author\" content=\"gbaguididogratias1@gmail.com\" \/>\n<meta name=\"twitter:card\" content=\"summary_large_image\" \/>\n<meta name=\"twitter:creator\" content=\"@Fagace_Officiel\" \/>\n<meta name=\"twitter:site\" content=\"@Fagace_Officiel\" \/>\n<meta name=\"twitter:label1\" content=\"Written by\" \/>\n\t<meta name=\"twitter:data1\" content=\"gbaguididogratias1@gmail.com\" \/>\n\t<meta name=\"twitter:label2\" content=\"Est. reading time\" \/>\n\t<meta name=\"twitter:data2\" content=\"15 minutes\" \/>\n<script type=\"application\/ld+json\" class=\"yoast-schema-graph\">{\"@context\":\"https:\/\/schema.org\",\"@graph\":[{\"@type\":\"Article\",\"@id\":\"https:\/\/www.fagace.org\/2018\/08\/16\/allocution-de-m-henri-marie-dondra-directeur-general-du-fagace-lors-de-la-ceremonie-de-signature-de-laccord-de-siege-entre-la-republique-du-cameroun-et-le-fagace\/#article\",\"isPartOf\":{\"@id\":\"https:\/\/www.fagace.org\/2018\/08\/16\/allocution-de-m-henri-marie-dondra-directeur-general-du-fagace-lors-de-la-ceremonie-de-signature-de-laccord-de-siege-entre-la-republique-du-cameroun-et-le-fagace\/\"},\"author\":{\"name\":\"gbaguididogratias1@gmail.com\",\"@id\":\"https:\/\/www.fagace.org\/#\/schema\/person\/14bbfc5c35624503d3123e694c5d1575\"},\"headline\":\"Discurso do Sr. Henri-Marie DONDRA, Diretor-Geral da FAGACE, na cerim\u00f3nia de assinatura do Acordo de Sede entre a Rep\u00fablica dos Camar\u00f5es e a FAGACE\",\"datePublished\":\"2018-08-16T11:33:12+00:00\",\"dateModified\":\"2024-04-03T14:46:52+00:00\",\"mainEntityOfPage\":{\"@id\":\"https:\/\/www.fagace.org\/2018\/08\/16\/allocution-de-m-henri-marie-dondra-directeur-general-du-fagace-lors-de-la-ceremonie-de-signature-de-laccord-de-siege-entre-la-republique-du-cameroun-et-le-fagace\/\"},\"wordCount\":3089,\"commentCount\":0,\"publisher\":{\"@id\":\"https:\/\/www.fagace.org\/#organization\"},\"articleSection\":[\"Discurso\"],\"inLanguage\":\"pt-PT\",\"potentialAction\":[{\"@type\":\"CommentAction\",\"name\":\"Comment\",\"target\":[\"https:\/\/www.fagace.org\/2018\/08\/16\/allocution-de-m-henri-marie-dondra-directeur-general-du-fagace-lors-de-la-ceremonie-de-signature-de-laccord-de-siege-entre-la-republique-du-cameroun-et-le-fagace\/#respond\"]}]},{\"@type\":\"WebPage\",\"@id\":\"https:\/\/www.fagace.org\/2018\/08\/16\/allocution-de-m-henri-marie-dondra-directeur-general-du-fagace-lors-de-la-ceremonie-de-signature-de-laccord-de-siege-entre-la-republique-du-cameroun-et-le-fagace\/\",\"url\":\"https:\/\/www.fagace.org\/2018\/08\/16\/allocution-de-m-henri-marie-dondra-directeur-general-du-fagace-lors-de-la-ceremonie-de-signature-de-laccord-de-siege-entre-la-republique-du-cameroun-et-le-fagace\/\",\"name\":\"Discurso do Sr. Henri-Marie DONDRA, Diretor-Geral da FAGACE, na cerim\u00f3nia de assinatura do Acordo de Sede entre a Rep\u00fablica dos Camar\u00f5es e a FAGACE - FAGACE\",\"isPartOf\":{\"@id\":\"https:\/\/www.fagace.org\/#website\"},\"datePublished\":\"2018-08-16T11:33:12+00:00\",\"dateModified\":\"2024-04-03T14:46:52+00:00\",\"breadcrumb\":{\"@id\":\"https:\/\/www.fagace.org\/2018\/08\/16\/allocution-de-m-henri-marie-dondra-directeur-general-du-fagace-lors-de-la-ceremonie-de-signature-de-laccord-de-siege-entre-la-republique-du-cameroun-et-le-fagace\/#breadcrumb\"},\"inLanguage\":\"pt-PT\",\"potentialAction\":[{\"@type\":\"ReadAction\",\"target\":[\"https:\/\/www.fagace.org\/2018\/08\/16\/allocution-de-m-henri-marie-dondra-directeur-general-du-fagace-lors-de-la-ceremonie-de-signature-de-laccord-de-siege-entre-la-republique-du-cameroun-et-le-fagace\/\"]}]},{\"@type\":\"BreadcrumbList\",\"@id\":\"https:\/\/www.fagace.org\/2018\/08\/16\/allocution-de-m-henri-marie-dondra-directeur-general-du-fagace-lors-de-la-ceremonie-de-signature-de-laccord-de-siege-entre-la-republique-du-cameroun-et-le-fagace\/#breadcrumb\",\"itemListElement\":[{\"@type\":\"ListItem\",\"position\":1,\"name\":\"Accueil\",\"item\":\"https:\/\/www.fagace.org\/\"},{\"@type\":\"ListItem\",\"position\":2,\"name\":\"Allocution de M. Henri-Marie DONDRA, Directeur G\u00e9n\u00e9ral du FAGACE lors de la C\u00e9r\u00e9monie de signature de l\u2019accord de si\u00e8ge entre la R\u00e9publique du Cameroun et le FAGACE\"}]},{\"@type\":\"WebSite\",\"@id\":\"https:\/\/www.fagace.org\/#website\",\"url\":\"https:\/\/www.fagace.org\/\",\"name\":\"{:fr}FAGACE{:}{:en}FAGACE{:}\",\"description\":\"Uma institui\u00e7\u00e3o financeira ao servi\u00e7o do desenvolvimento em \u00c1frica\",\"publisher\":{\"@id\":\"https:\/\/www.fagace.org\/#organization\"},\"potentialAction\":[{\"@type\":\"SearchAction\",\"target\":{\"@type\":\"EntryPoint\",\"urlTemplate\":\"https:\/\/www.fagace.org\/?s={search_term_string}\"},\"query-input\":\"required name=search_term_string\"}],\"inLanguage\":\"pt-PT\"},{\"@type\":\"Organization\",\"@id\":\"https:\/\/www.fagace.org\/#organization\",\"name\":\"{:fr}Fonds Africain de Garantie et de Coop\u00e9ration Economique{:}{:en}African Guarantee and Economic Cooperation Fund{:}\",\"url\":\"https:\/\/www.fagace.org\/\",\"logo\":{\"@type\":\"ImageObject\",\"inLanguage\":\"pt-PT\",\"@id\":\"https:\/\/www.fagace.org\/#\/schema\/logo\/image\/\",\"url\":\"https:\/\/www.fagace.org\/wp-content\/uploads\/2024\/04\/2003.jpg\",\"contentUrl\":\"https:\/\/www.fagace.org\/wp-content\/uploads\/2024\/04\/2003.jpg\",\"width\":580,\"height\":580,\"caption\":\"{:fr}Fonds Africain de Garantie et de Coop\u00e9ration Economique{:}{:en}African Guarantee and Economic Cooperation Fund{:}\"},\"image\":{\"@id\":\"https:\/\/www.fagace.org\/#\/schema\/logo\/image\/\"},\"sameAs\":[\"https:\/\/www.facebook.com\/fagaceorg\",\"https:\/\/x.com\/Fagace_Officiel\"]},{\"@type\":\"Person\",\"@id\":\"https:\/\/www.fagace.org\/#\/schema\/person\/14bbfc5c35624503d3123e694c5d1575\",\"name\":\"gbaguididogratias1@gmail.com\",\"image\":{\"@type\":\"ImageObject\",\"inLanguage\":\"pt-PT\",\"@id\":\"https:\/\/www.fagace.org\/#\/schema\/person\/image\/\",\"url\":\"https:\/\/secure.gravatar.com\/avatar\/98c69aa7b9e53409d22fa64a62d40da5e971a2c3cd617fce2ffe3978d4f49493?s=96&r=g&d=https:\/\/www.fagace.org\/wp-content\/plugins\/userswp\/assets\/images\/no_profile.png\",\"contentUrl\":\"https:\/\/secure.gravatar.com\/avatar\/98c69aa7b9e53409d22fa64a62d40da5e971a2c3cd617fce2ffe3978d4f49493?s=96&r=g&d=https:\/\/www.fagace.org\/wp-content\/plugins\/userswp\/assets\/images\/no_profile.png\",\"caption\":\"gbaguididogratias1@gmail.com\"},\"sameAs\":[\"https:\/\/www.fagace.org\"],\"url\":\"https:\/\/www.fagace.org\/pt\/profile-2\/gbaguididogratias1gmail-com\/\"}]}<\/script>\n<!-- \/ Yoast SEO plugin. -->","yoast_head_json":{"title":"Discurso do Sr. Henri-Marie DONDRA, Diretor-Geral da FAGACE, na cerim\u00f3nia de assinatura do Acordo de Sede entre a Rep\u00fablica dos Camar\u00f5es e a FAGACE - FAGACE","robots":{"index":"index","follow":"follow","max-snippet":"max-snippet:-1","max-image-preview":"max-image-preview:large","max-video-preview":"max-video-preview:-1"},"canonical":"https:\/\/www.fagace.org\/2018\/08\/16\/allocution-de-m-henri-marie-dondra-directeur-general-du-fagace-lors-de-la-ceremonie-de-signature-de-laccord-de-siege-entre-la-republique-du-cameroun-et-le-fagace\/","og_locale":"pt_PT","og_type":"article","og_title":"Discurso do Sr. Henri-Marie DONDRA, Diretor-Geral da FAGACE, na cerim\u00f3nia de assinatura do Acordo de Sede entre a Rep\u00fablica dos Camar\u00f5es e a FAGACE - FAGACE","og_url":"https:\/\/www.fagace.org\/2018\/08\/16\/allocution-de-m-henri-marie-dondra-directeur-general-du-fagace-lors-de-la-ceremonie-de-signature-de-laccord-de-siege-entre-la-republique-du-cameroun-et-le-fagace\/","og_site_name":"FAGACE","article_publisher":"https:\/\/www.facebook.com\/fagaceorg","article_published_time":"2018-08-16T11:33:12+00:00","article_modified_time":"2024-04-03T14:46:52+00:00","author":"gbaguididogratias1@gmail.com","twitter_card":"summary_large_image","twitter_creator":"@Fagace_Officiel","twitter_site":"@Fagace_Officiel","twitter_misc":{"Written by":"gbaguididogratias1@gmail.com","Est. reading time":"15 minutes"},"schema":{"@context":"https:\/\/schema.org","@graph":[{"@type":"Article","@id":"https:\/\/www.fagace.org\/2018\/08\/16\/allocution-de-m-henri-marie-dondra-directeur-general-du-fagace-lors-de-la-ceremonie-de-signature-de-laccord-de-siege-entre-la-republique-du-cameroun-et-le-fagace\/#article","isPartOf":{"@id":"https:\/\/www.fagace.org\/2018\/08\/16\/allocution-de-m-henri-marie-dondra-directeur-general-du-fagace-lors-de-la-ceremonie-de-signature-de-laccord-de-siege-entre-la-republique-du-cameroun-et-le-fagace\/"},"author":{"name":"gbaguididogratias1@gmail.com","@id":"https:\/\/www.fagace.org\/#\/schema\/person\/14bbfc5c35624503d3123e694c5d1575"},"headline":"Discurso do Sr. Henri-Marie DONDRA, Diretor-Geral da FAGACE, na cerim\u00f3nia de assinatura do Acordo de Sede entre a Rep\u00fablica dos Camar\u00f5es e a FAGACE","datePublished":"2018-08-16T11:33:12+00:00","dateModified":"2024-04-03T14:46:52+00:00","mainEntityOfPage":{"@id":"https:\/\/www.fagace.org\/2018\/08\/16\/allocution-de-m-henri-marie-dondra-directeur-general-du-fagace-lors-de-la-ceremonie-de-signature-de-laccord-de-siege-entre-la-republique-du-cameroun-et-le-fagace\/"},"wordCount":3089,"commentCount":0,"publisher":{"@id":"https:\/\/www.fagace.org\/#organization"},"articleSection":["Discurso"],"inLanguage":"pt-PT","potentialAction":[{"@type":"CommentAction","name":"Comment","target":["https:\/\/www.fagace.org\/2018\/08\/16\/allocution-de-m-henri-marie-dondra-directeur-general-du-fagace-lors-de-la-ceremonie-de-signature-de-laccord-de-siege-entre-la-republique-du-cameroun-et-le-fagace\/#respond"]}]},{"@type":"WebPage","@id":"https:\/\/www.fagace.org\/2018\/08\/16\/allocution-de-m-henri-marie-dondra-directeur-general-du-fagace-lors-de-la-ceremonie-de-signature-de-laccord-de-siege-entre-la-republique-du-cameroun-et-le-fagace\/","url":"https:\/\/www.fagace.org\/2018\/08\/16\/allocution-de-m-henri-marie-dondra-directeur-general-du-fagace-lors-de-la-ceremonie-de-signature-de-laccord-de-siege-entre-la-republique-du-cameroun-et-le-fagace\/","name":"Discurso do Sr. Henri-Marie DONDRA, Diretor-Geral da FAGACE, na cerim\u00f3nia de assinatura do Acordo de Sede entre a Rep\u00fablica dos Camar\u00f5es e a FAGACE - FAGACE","isPartOf":{"@id":"https:\/\/www.fagace.org\/#website"},"datePublished":"2018-08-16T11:33:12+00:00","dateModified":"2024-04-03T14:46:52+00:00","breadcrumb":{"@id":"https:\/\/www.fagace.org\/2018\/08\/16\/allocution-de-m-henri-marie-dondra-directeur-general-du-fagace-lors-de-la-ceremonie-de-signature-de-laccord-de-siege-entre-la-republique-du-cameroun-et-le-fagace\/#breadcrumb"},"inLanguage":"pt-PT","potentialAction":[{"@type":"ReadAction","target":["https:\/\/www.fagace.org\/2018\/08\/16\/allocution-de-m-henri-marie-dondra-directeur-general-du-fagace-lors-de-la-ceremonie-de-signature-de-laccord-de-siege-entre-la-republique-du-cameroun-et-le-fagace\/"]}]},{"@type":"BreadcrumbList","@id":"https:\/\/www.fagace.org\/2018\/08\/16\/allocution-de-m-henri-marie-dondra-directeur-general-du-fagace-lors-de-la-ceremonie-de-signature-de-laccord-de-siege-entre-la-republique-du-cameroun-et-le-fagace\/#breadcrumb","itemListElement":[{"@type":"ListItem","position":1,"name":"Accueil","item":"https:\/\/www.fagace.org\/"},{"@type":"ListItem","position":2,"name":"Allocution de M. Henri-Marie DONDRA, Directeur G\u00e9n\u00e9ral du FAGACE lors de la C\u00e9r\u00e9monie de signature de l\u2019accord de si\u00e8ge entre la R\u00e9publique du Cameroun et le FAGACE"}]},{"@type":"WebSite","@id":"https:\/\/www.fagace.org\/#website","url":"https:\/\/www.fagace.org\/","name":"{:fr}FAGACE{:}{:en}FAGACE{:}","description":"Uma institui\u00e7\u00e3o financeira ao servi\u00e7o do desenvolvimento em \u00c1frica","publisher":{"@id":"https:\/\/www.fagace.org\/#organization"},"potentialAction":[{"@type":"SearchAction","target":{"@type":"EntryPoint","urlTemplate":"https:\/\/www.fagace.org\/?s={search_term_string}"},"query-input":"required name=search_term_string"}],"inLanguage":"pt-PT"},{"@type":"Organization","@id":"https:\/\/www.fagace.org\/#organization","name":"{:fr}Fonds Africain de Garantie et de Coop\u00e9ration Economique{:}{:en}African Guarantee and Economic Cooperation Fund{:}","url":"https:\/\/www.fagace.org\/","logo":{"@type":"ImageObject","inLanguage":"pt-PT","@id":"https:\/\/www.fagace.org\/#\/schema\/logo\/image\/","url":"https:\/\/www.fagace.org\/wp-content\/uploads\/2024\/04\/2003.jpg","contentUrl":"https:\/\/www.fagace.org\/wp-content\/uploads\/2024\/04\/2003.jpg","width":580,"height":580,"caption":"{:fr}Fonds Africain de Garantie et de Coop\u00e9ration Economique{:}{:en}African Guarantee and Economic Cooperation Fund{:}"},"image":{"@id":"https:\/\/www.fagace.org\/#\/schema\/logo\/image\/"},"sameAs":["https:\/\/www.facebook.com\/fagaceorg","https:\/\/x.com\/Fagace_Officiel"]},{"@type":"Person","@id":"https:\/\/www.fagace.org\/#\/schema\/person\/14bbfc5c35624503d3123e694c5d1575","name":"gbaguididogratias1@gmail.com","image":{"@type":"ImageObject","inLanguage":"pt-PT","@id":"https:\/\/www.fagace.org\/#\/schema\/person\/image\/","url":"https:\/\/secure.gravatar.com\/avatar\/98c69aa7b9e53409d22fa64a62d40da5e971a2c3cd617fce2ffe3978d4f49493?s=96&r=g&d=https:\/\/www.fagace.org\/wp-content\/plugins\/userswp\/assets\/images\/no_profile.png","contentUrl":"https:\/\/secure.gravatar.com\/avatar\/98c69aa7b9e53409d22fa64a62d40da5e971a2c3cd617fce2ffe3978d4f49493?s=96&r=g&d=https:\/\/www.fagace.org\/wp-content\/plugins\/userswp\/assets\/images\/no_profile.png","caption":"gbaguididogratias1@gmail.com"},"sameAs":["https:\/\/www.fagace.org"],"url":"https:\/\/www.fagace.org\/pt\/profile-2\/gbaguididogratias1gmail-com\/"}]}},"_links":{"self":[{"href":"https:\/\/www.fagace.org\/pt\/wp-json\/wp\/v2\/posts\/13400","targetHints":{"allow":["GET"]}}],"collection":[{"href":"https:\/\/www.fagace.org\/pt\/wp-json\/wp\/v2\/posts"}],"about":[{"href":"https:\/\/www.fagace.org\/pt\/wp-json\/wp\/v2\/types\/post"}],"author":[{"embeddable":true,"href":"https:\/\/www.fagace.org\/pt\/wp-json\/wp\/v2\/users\/1"}],"replies":[{"embeddable":true,"href":"https:\/\/www.fagace.org\/pt\/wp-json\/wp\/v2\/comments?post=13400"}],"version-history":[{"count":19,"href":"https:\/\/www.fagace.org\/pt\/wp-json\/wp\/v2\/posts\/13400\/revisions"}],"predecessor-version":[{"id":13723,"href":"https:\/\/www.fagace.org\/pt\/wp-json\/wp\/v2\/posts\/13400\/revisions\/13723"}],"wp:attachment":[{"href":"https:\/\/www.fagace.org\/pt\/wp-json\/wp\/v2\/media?parent=13400"}],"wp:term":[{"taxonomy":"category","embeddable":true,"href":"https:\/\/www.fagace.org\/pt\/wp-json\/wp\/v2\/categories?post=13400"},{"taxonomy":"post_tag","embeddable":true,"href":"https:\/\/www.fagace.org\/pt\/wp-json\/wp\/v2\/tags?post=13400"}],"curies":[{"name":"wp","href":"https:\/\/api.w.org\/{rel}","templated":true}]}}