{"id":13410,"date":"2018-10-08T13:44:18","date_gmt":"2018-10-08T11:44:18","guid":{"rendered":"https:\/\/www.fagace.org\/?p=13410"},"modified":"2024-04-03T17:17:16","modified_gmt":"2024-04-03T15:17:16","slug":"allocution-du-directeur-general-du-fagace-le-05-octobre-2018","status":"publish","type":"post","link":"https:\/\/www.fagace.org\/pt\/2018\/10\/08\/allocution-du-directeur-general-du-fagace-le-05-octobre-2018\/","title":{"rendered":"Discurso do Diretor Executivo da FAGACE em 05 de outubro de 2018"},"content":{"rendered":"<p><strong>Senhor Ministro de Estado respons\u00e1vel pelo Planeamento e Desenvolvimento do Benim,<\/strong><\/p>\n<p><strong>Senhor Ministro das Pequenas e M\u00e9dias Empresas e Promo\u00e7\u00e3o do Setor Privado,<\/strong><\/p>\n<p><strong>Senhor Representante do Ministro da Economia e Finan\u00e7as,<\/strong><\/p>\n<p><strong>Senhor Representante do Diretor Nacional do BCEAO no Benin,<\/strong><\/p>\n<p><strong>Senhor Representante do Presidente do Banco de Desenvolvimento da \u00c1frica Ocidental,<\/strong><\/p>\n<p><strong>Senhor Representante do Presidente do Banco de Desenvolvimento dos Estados da \u00c1frica Central,<\/strong><\/p>\n<p><strong>Senhora Presidente da Associa\u00e7\u00e3o Profissional das Institui\u00e7\u00f5es de Garantia<\/strong><\/p>\n<p><strong>Senhor Presidente da Associa\u00e7\u00e3o Profissional de Bancos do Benin,<\/strong><\/p>\n<p><strong>Senhoras e Senhores Representantes de institui\u00e7\u00f5es regionais e internacionais,<\/strong><\/p>\n<p><strong>Senhoras e Senhores Diretores Gerais dos Estabelecimentos Banc\u00e1rios e Financeiros,<\/strong><\/p>\n<p><strong>Senhoras e Senhores, Diretores-Gerais das Institui\u00e7\u00f5es de Garantia,<\/strong><\/p>\n<p><strong>Senhoras e senhores representantes da C\u00e2mara de Com\u00e9rcio e Empregadores do Benim,<\/strong><\/p>\n<p><strong>Senhoras e Senhores Operadores Econ\u00f3micos,<\/strong><\/p>\n<p><strong>Honor\u00e1veis convidados, em seus t\u00edtulos e fun\u00e7\u00f5es,<\/strong><\/p>\n<p><strong>Senhoras e senhores,<\/strong><\/p>\n<p>Ol\u00e1 e obrigado por honrar com a sua presen\u00e7a esta confer\u00eancia de lan\u00e7amento do African Guarantee Show.<\/p>\n<p>Gostaria, seguindo a Presidente da APIGA, Sra. Naka De Souza, de me sacrificar pela tradi\u00e7\u00e3o, desejando a todos umas calorosas boas-vindas a Cotonou.<\/p>\n<p>Antes de continuar as minhas observa\u00e7\u00f5es, permita-me agradecer-lhe calorosamente a grande honra que nos presta, Senhor Ministro de Estado respons\u00e1vel pelo Planeamento e Desenvolvimento do Benim, ao presidir esta cerim\u00f3nia de lan\u00e7amento da Exposi\u00e7\u00e3o Africana de Garantia.<\/p>\n<p>Gostaria tamb\u00e9m de saudar a ilustre presen\u00e7a do Ministro das Pequenas e M\u00e9dias Empresas e da Promo\u00e7\u00e3o do Sector Privado que nos d\u00e1 a honra de participar nesta confer\u00eancia. Isto demonstra, se ainda houvesse necessidade, o interesse demonstrado pelo Governo do Benim nas institui\u00e7\u00f5es financeiras de orienta\u00e7\u00e3o africana e na sua contribui\u00e7\u00e3o para um crescimento mais inclusivo nos nossos pa\u00edses atrav\u00e9s das PME.<\/p>\n<p>Gostaria, portanto, em nome de todos n\u00f3s, e em meu pr\u00f3prio nome, de lhe pedir que transmitisse ao Chefe de Estado, Sua Excel\u00eancia o Sr. Patrice TALON, e ao seu Governo, a nossa profunda gratid\u00e3o por esta marca de apoio .<\/p>\n<p>Para todas as eminentes personalidades aqui presentes, a vossa presen\u00e7a hoje \u00e9 mais do que um acto de cortesia, \u00e9 um compromisso e isso \u00e9 um bom press\u00e1gio para a qualidade dos nossos debates e para os rumos que deles poder\u00e3o resultar.<\/p>\n<p><b>Prezados Ministros,<\/b><\/p>\n<p><b>Senhoras e senhores,<\/b><\/p>\n<p>Caros convidados,<\/p>\n<p>Esta confer\u00eancia de lan\u00e7amento da Feira Africana de Garantias, cujo tema centra-se nos Desafios de uma plataforma entre fiadores, bancos e PME, \u00e9 de ineg\u00e1vel interesse.<\/p>\n<p>Na realidade, responde \u00e0 necessidade de as partes interessadas impulsionarem as sinergias essenciais para melhorar as suas efici\u00eancias em benef\u00edcio das economias dos nossos Estados.<\/p>\n<p>Como sabem, o Fundo Africano de Garantia e Coopera\u00e7\u00e3o Econ\u00f3mica (FAGACE) \u00e9 um dos precursores no dom\u00ednio das garantias em \u00c1frica. H\u00e1 mais de 40 anos que contribui para o desenvolvimento econ\u00f3mico e social dos seus estados membros e desde 2017 tem refor\u00e7ado as suas interven\u00e7\u00f5es em benef\u00edcio das PME.<\/p>\n<p>Oportunidade, o dinamismo do mercado de garantias fortaleceu-se com a chegada de novos entrantes e a cria\u00e7\u00e3o da nossa Associa\u00e7\u00e3o, a APIGA.<\/p>\n<p>Mas a APIGA n\u00e3o pode ser uma ilha. Porque n\u00e3o \u00e9 poss\u00edvel nem desej\u00e1vel caminhar sozinho num mundo como o nosso marcado por tanta interdepend\u00eancia e conectividade que torna essencial a federa\u00e7\u00e3o de energias e meios.<\/p>\n<p>Ainda h\u00e1 muito a fazer para garantir n\u00e3o s\u00f3 o nosso crescimento, mas tamb\u00e9m, e acima de tudo, a nossa transforma\u00e7\u00e3o, a fim de consolidar as nossas conquistas e reduzir a nossa vulnerabilidade \u00e0s necessidades cada vez maiores das nossas economias.<\/p>\n<p>Uma das a\u00e7\u00f5es fundamentais a empreender, na minha opini\u00e3o, diz respeito \u00e0 consulta. Uma plataforma de interc\u00e2mbio peri\u00f3dico para melhor adaptar nossos neg\u00f3cios a um ambiente em constante evolu\u00e7\u00e3o.<\/p>\n<p>A este respeito, devemos apelar ao nosso lado a todas as institui\u00e7\u00f5es financeiras orientadas para \u00c1frica, bem como \u00e0s organiza\u00e7\u00f5es e associa\u00e7\u00f5es do sector privado, para que encontrem solu\u00e7\u00f5es adequadas que possam fortalecer as nossas capacidades para lidar com a evolu\u00e7\u00e3o do mercado e eventos externos ou inesperados.<\/p>\n<p><strong>Prezados Ministros,<\/strong><\/p>\n<p><strong>Senhoras e senhores,<\/strong><\/p>\n<p>Caros convidados,<\/p>\n<p>Como sabem, o mercado financeiro africano est\u00e1 a mudar. Precisamos de repensar e reorganizar o nosso modelo de financiamento do desenvolvimento.<\/p>\n<p>Recentemente, para citar o caso da zona UEMOA, assistimos \u00e0 implementa\u00e7\u00e3o das novas medidas prudenciais Basileia 2 e Basileia 3 com o consequente impacto nas nossas abordagens.<\/p>\n<p>Na pr\u00e1tica, como isso se concretiza?<\/p>\n<p>Na verdade, a implementa\u00e7\u00e3o das normas de Basileia apresenta novas restri\u00e7\u00f5es aos bancos no financiamento de projectos. A partir de agora, cada t\u00edtulo tomado para cobrir um empr\u00e9stimo dever\u00e1 ser ponderado. Neste contexto, a cobertura fornecida por fundos de garantia multilaterais como o FAGACE e a FSA \u00e9 ponderada em 0% ou, no pior dos casos, em 20%, de acordo com alguns banqueiros.<\/p>\n<p>No entanto, a cobertura proporcionada pelos fundos de garantia nacionais e privados aprovados \u00e9 ponderada de acordo com a pondera\u00e7\u00e3o atribu\u00edda pela comiss\u00e3o banc\u00e1ria da \u00e1rea em causa.<\/p>\n<p>A partir de agora, os bancos devem assegurar sistematicamente todas as garantias necess\u00e1rias antes de concederem empr\u00e9stimos. Esta disposi\u00e7\u00e3o corre o risco de abrandar o acesso das PME\/PMI ao financiamento e, incidentalmente, de abrandar a retoma do crescimento nas nossas economias.<\/p>\n<p>Al\u00e9m disso, n\u00e3o \u00e9 segredo dizer que os nossos parceiros, os bancos, vivem actualmente dificuldades reais e os n\u00fameros relativos ao n\u00edvel de deteriora\u00e7\u00e3o e \u00e0 taxa de provisionamento exigem solu\u00e7\u00f5es urgentes.<\/p>\n<p>Na verdade, (de acordo com o relat\u00f3rio anual da comiss\u00e3o banc\u00e1ria) a taxa bruta de deteriora\u00e7\u00e3o dos bancos da UEMOA, nos \u00faltimos anos, varia entre 15,1% e 13,5%, com n\u00edveis de provisionamento superiores a 60%.<\/p>\n<p>Relativamente \u00e0 qualidade da carteira, embora tenha melhorado ligeiramente em 2016, o seu n\u00edvel continua a ser preocupante. As d\u00edvidas vencidas brutas das institui\u00e7\u00f5es de cr\u00e9dito da UEMOA aumentaram em 194 mil milh\u00f5es, situando-se em 2,392 mil milh\u00f5es em 2016.<\/p>\n<p>Para o caso espec\u00edfico do Benim, a taxa de deteriora\u00e7\u00e3o \u00e9 de 21% para o mesmo per\u00edodo, com taxas de provisionamento em constante aumento.<\/p>\n<p>Tudo isto para explicar as raz\u00f5es pelas quais os bancos s\u00f3 querem comprometer-se com projetos sem risco e com garantia substancial, ou com risco m\u00ednimo. Condi\u00e7\u00f5es dif\u00edceis de satisfazer para a grande maioria das PME africanas.<\/p>\n<p><strong>Prezados Ministros,<\/strong><\/p>\n<p><strong>Senhoras e senhores,<\/strong><\/p>\n<p>Caros convidados,<\/p>\n<p>Face ao exposto, o que definir\u00e1 a nossa capacidade de avan\u00e7ar ser\u00e1 a nossa vontade de conjugar as nossas estrat\u00e9gias ao servi\u00e7o do bem comum.<\/p>\n<p>\u00c9 por isso que n\u00f3s, Fiadores, devemos ter um papel mais ativo neste ecossistema para apoiar os bancos no financiamento de projetos que criem riqueza e desenvolvimento para as nossas economias.<\/p>\n<p>Contudo, apesar da presen\u00e7a de pelo menos vinte fiadores no mercado africano, h\u00e1 que reconhecer que as institui\u00e7\u00f5es de garantia ainda s\u00e3o pouco ou pouco conhecidas pelos benefici\u00e1rios e mesmo por alguns bancos.<\/p>\n<p>As institui\u00e7\u00f5es financeiras tamb\u00e9m t\u00eam uma percep\u00e7\u00e3o negativa dos Fundos de Garantia, na sequ\u00eancia de experi\u00eancias mal sucedidas.<\/p>\n<p>Dada a minha experi\u00eancia de quase 20 anos na banca, posso, hoje que estou bastante do lado dos Fiadores, sem risco de me enganar, afirmar que os fundos de garantia s\u00e3o uma garantia de refor\u00e7o da resili\u00eancia do sector banc\u00e1rio e um acelerador do acesso das PME\/PMI ao financiamento necess\u00e1rio ao desenvolvimento.<\/p>\n<p><strong>Prezados Ministros,<\/strong><\/p>\n<p><strong>Senhoras e senhores,<\/strong><\/p>\n<p><strong>Caros convidados,<\/strong><\/p>\n<p>\u00c9 aqui que a cria\u00e7\u00e3o de uma Exposi\u00e7\u00e3o Africana de Garantias ganha todo o seu significado.<\/p>\n<p>Congratulo-me com esta iniciativa. \u00c9 por isso que me junto ao Presidente da APIGA e ao Diretor Geral da FSA que manifestaram o seu interesse em apoiar este projeto particularmente bem-vindo e convido todos voc\u00eas a apoi\u00e1-lo.<\/p>\n<p>Porque estou convencido de que gra\u00e7as a esta plataforma, ao unirmos os nossos esfor\u00e7os, aprofundaremos o mercado interno das nossas economias, para mais crescimento e prosperidade para os nossos Estados.<\/p>\n<p>As diversas comunica\u00e7\u00f5es que se seguir\u00e3o permitir-nos-\u00e3o, estou convencido, harmonizar os nossos pontos de vista e chegar a acordo sobre a abordagem a adoptar.<\/p>\n<p>\u00c9 com estas palavras de esperan\u00e7a que gostaria de terminar a minha interven\u00e7\u00e3o, desejando todo o sucesso a esta confer\u00eancia.<\/p>\n<p>Obrigado.<\/p>\n","protected":false},"excerpt":{"rendered":"<p>Senhor Ministro de Estado respons\u00e1vel pelo Planeamento e Desenvolvimento do Benim, Senhor Ministro das Pequenas e M\u00e9dias Empresas e Promo\u00e7\u00e3o do Setor Privado, Senhor Representante do Ministro da Economia e [&hellip;]<\/p>\n","protected":false},"author":1,"featured_media":13411,"comment_status":"open","ping_status":"open","sticky":false,"template":"","format":"standard","meta":{"_themeisle_gutenberg_block_has_review":false,"footnotes":""},"categories":[62],"tags":[],"class_list":["post-13410","post","type-post","status-publish","format-standard","has-post-thumbnail","hentry","category-discours"],"translation":{"provider":"WPGlobus","version":"2.10.10","language":"pt","enabled_languages":["fr","en","ar","pt"],"languages":{"fr":{"title":true,"content":true,"excerpt":false},"en":{"title":true,"content":true,"excerpt":false},"ar":{"title":true,"content":true,"excerpt":false},"pt":{"title":true,"content":true,"excerpt":false}}},"yoast_head":"<!-- This site is optimized with the Yoast SEO plugin v22.7 - https:\/\/yoast.com\/wordpress\/plugins\/seo\/ -->\n<title>Discurso do Diretor Executivo da FAGACE em 05 de outubro de 2018 - FAGACE<\/title>\n<meta name=\"robots\" content=\"index, follow, max-snippet:-1, max-image-preview:large, max-video-preview:-1\" \/>\n<link rel=\"canonical\" href=\"https:\/\/www.fagace.org\/2018\/10\/08\/allocution-du-directeur-general-du-fagace-le-05-octobre-2018\/\" \/>\n<meta property=\"og:locale\" content=\"pt_PT\" \/>\n<meta property=\"og:type\" content=\"article\" \/>\n<meta property=\"og:title\" content=\"Discurso do Diretor Executivo da FAGACE em 05 de outubro de 2018 - FAGACE\" \/>\n<meta property=\"og:url\" content=\"https:\/\/www.fagace.org\/2018\/10\/08\/allocution-du-directeur-general-du-fagace-le-05-octobre-2018\/\" \/>\n<meta property=\"og:site_name\" content=\"FAGACE\" \/>\n<meta property=\"article:publisher\" content=\"https:\/\/www.facebook.com\/fagaceorg\" \/>\n<meta property=\"article:published_time\" content=\"2018-10-08T11:44:18+00:00\" \/>\n<meta property=\"article:modified_time\" content=\"2024-04-03T15:17:16+00:00\" \/>\n<meta property=\"og:image\" content=\"https:\/\/www.fagace.org\/wp-content\/uploads\/2024\/04\/MINAFOU-FANTA-COULIBALY-KONE.jpg\" \/>\n\t<meta property=\"og:image:width\" content=\"1200\" \/>\n\t<meta property=\"og:image:height\" content=\"630\" \/>\n\t<meta property=\"og:image:type\" content=\"image\/jpeg\" \/>\n<meta name=\"author\" content=\"gbaguididogratias1@gmail.com\" \/>\n<meta name=\"twitter:card\" content=\"summary_large_image\" \/>\n<meta name=\"twitter:creator\" content=\"@Fagace_Officiel\" \/>\n<meta name=\"twitter:site\" content=\"@Fagace_Officiel\" \/>\n<meta name=\"twitter:label1\" content=\"Written by\" \/>\n\t<meta name=\"twitter:data1\" content=\"gbaguididogratias1@gmail.com\" \/>\n\t<meta name=\"twitter:label2\" content=\"Est. reading time\" \/>\n\t<meta name=\"twitter:data2\" content=\"21 minutes\" \/>\n<script type=\"application\/ld+json\" class=\"yoast-schema-graph\">{\"@context\":\"https:\/\/schema.org\",\"@graph\":[{\"@type\":\"Article\",\"@id\":\"https:\/\/www.fagace.org\/2018\/10\/08\/allocution-du-directeur-general-du-fagace-le-05-octobre-2018\/#article\",\"isPartOf\":{\"@id\":\"https:\/\/www.fagace.org\/2018\/10\/08\/allocution-du-directeur-general-du-fagace-le-05-octobre-2018\/\"},\"author\":{\"name\":\"gbaguididogratias1@gmail.com\",\"@id\":\"https:\/\/www.fagace.org\/#\/schema\/person\/14bbfc5c35624503d3123e694c5d1575\"},\"headline\":\"Discurso do Diretor Executivo da FAGACE em 05 de outubro de 2018\",\"datePublished\":\"2018-10-08T11:44:18+00:00\",\"dateModified\":\"2024-04-03T15:17:16+00:00\",\"mainEntityOfPage\":{\"@id\":\"https:\/\/www.fagace.org\/2018\/10\/08\/allocution-du-directeur-general-du-fagace-le-05-octobre-2018\/\"},\"wordCount\":4268,\"commentCount\":0,\"publisher\":{\"@id\":\"https:\/\/www.fagace.org\/#organization\"},\"image\":{\"@id\":\"https:\/\/www.fagace.org\/2018\/10\/08\/allocution-du-directeur-general-du-fagace-le-05-octobre-2018\/#primaryimage\"},\"thumbnailUrl\":\"https:\/\/www.fagace.org\/wp-content\/uploads\/2024\/04\/MINAFOU-FANTA-COULIBALY-KONE.jpg\",\"articleSection\":[\"Discurso\"],\"inLanguage\":\"pt-PT\",\"potentialAction\":[{\"@type\":\"CommentAction\",\"name\":\"Comment\",\"target\":[\"https:\/\/www.fagace.org\/2018\/10\/08\/allocution-du-directeur-general-du-fagace-le-05-octobre-2018\/#respond\"]}]},{\"@type\":\"WebPage\",\"@id\":\"https:\/\/www.fagace.org\/2018\/10\/08\/allocution-du-directeur-general-du-fagace-le-05-octobre-2018\/\",\"url\":\"https:\/\/www.fagace.org\/2018\/10\/08\/allocution-du-directeur-general-du-fagace-le-05-octobre-2018\/\",\"name\":\"Discurso do Diretor Executivo da FAGACE em 05 de outubro de 2018 - FAGACE\",\"isPartOf\":{\"@id\":\"https:\/\/www.fagace.org\/#website\"},\"primaryImageOfPage\":{\"@id\":\"https:\/\/www.fagace.org\/2018\/10\/08\/allocution-du-directeur-general-du-fagace-le-05-octobre-2018\/#primaryimage\"},\"image\":{\"@id\":\"https:\/\/www.fagace.org\/2018\/10\/08\/allocution-du-directeur-general-du-fagace-le-05-octobre-2018\/#primaryimage\"},\"thumbnailUrl\":\"https:\/\/www.fagace.org\/wp-content\/uploads\/2024\/04\/MINAFOU-FANTA-COULIBALY-KONE.jpg\",\"datePublished\":\"2018-10-08T11:44:18+00:00\",\"dateModified\":\"2024-04-03T15:17:16+00:00\",\"breadcrumb\":{\"@id\":\"https:\/\/www.fagace.org\/2018\/10\/08\/allocution-du-directeur-general-du-fagace-le-05-octobre-2018\/#breadcrumb\"},\"inLanguage\":\"pt-PT\",\"potentialAction\":[{\"@type\":\"ReadAction\",\"target\":[\"https:\/\/www.fagace.org\/2018\/10\/08\/allocution-du-directeur-general-du-fagace-le-05-octobre-2018\/\"]}]},{\"@type\":\"ImageObject\",\"inLanguage\":\"pt-PT\",\"@id\":\"https:\/\/www.fagace.org\/2018\/10\/08\/allocution-du-directeur-general-du-fagace-le-05-octobre-2018\/#primaryimage\",\"url\":\"https:\/\/www.fagace.org\/wp-content\/uploads\/2024\/04\/MINAFOU-FANTA-COULIBALY-KONE.jpg\",\"contentUrl\":\"https:\/\/www.fagace.org\/wp-content\/uploads\/2024\/04\/MINAFOU-FANTA-COULIBALY-KONE.jpg\",\"width\":1200,\"height\":630},{\"@type\":\"BreadcrumbList\",\"@id\":\"https:\/\/www.fagace.org\/2018\/10\/08\/allocution-du-directeur-general-du-fagace-le-05-octobre-2018\/#breadcrumb\",\"itemListElement\":[{\"@type\":\"ListItem\",\"position\":1,\"name\":\"Accueil\",\"item\":\"https:\/\/www.fagace.org\/\"},{\"@type\":\"ListItem\",\"position\":2,\"name\":\"ALLOCUTION du Directeur G\u00e9n\u00e9ral du FAGACE le 05 Octobre 2018\"}]},{\"@type\":\"WebSite\",\"@id\":\"https:\/\/www.fagace.org\/#website\",\"url\":\"https:\/\/www.fagace.org\/\",\"name\":\"{:fr}FAGACE{:}{:en}FAGACE{:}\",\"description\":\"Uma institui\u00e7\u00e3o financeira ao servi\u00e7o do desenvolvimento em \u00c1frica\",\"publisher\":{\"@id\":\"https:\/\/www.fagace.org\/#organization\"},\"potentialAction\":[{\"@type\":\"SearchAction\",\"target\":{\"@type\":\"EntryPoint\",\"urlTemplate\":\"https:\/\/www.fagace.org\/?s={search_term_string}\"},\"query-input\":\"required name=search_term_string\"}],\"inLanguage\":\"pt-PT\"},{\"@type\":\"Organization\",\"@id\":\"https:\/\/www.fagace.org\/#organization\",\"name\":\"{:fr}Fonds Africain de Garantie et de Coop\u00e9ration Economique{:}{:en}African Guarantee and Economic Cooperation Fund{:}\",\"url\":\"https:\/\/www.fagace.org\/\",\"logo\":{\"@type\":\"ImageObject\",\"inLanguage\":\"pt-PT\",\"@id\":\"https:\/\/www.fagace.org\/#\/schema\/logo\/image\/\",\"url\":\"https:\/\/www.fagace.org\/wp-content\/uploads\/2024\/04\/2003.jpg\",\"contentUrl\":\"https:\/\/www.fagace.org\/wp-content\/uploads\/2024\/04\/2003.jpg\",\"width\":580,\"height\":580,\"caption\":\"{:fr}Fonds Africain de Garantie et de Coop\u00e9ration Economique{:}{:en}African Guarantee and Economic Cooperation Fund{:}\"},\"image\":{\"@id\":\"https:\/\/www.fagace.org\/#\/schema\/logo\/image\/\"},\"sameAs\":[\"https:\/\/www.facebook.com\/fagaceorg\",\"https:\/\/x.com\/Fagace_Officiel\"]},{\"@type\":\"Person\",\"@id\":\"https:\/\/www.fagace.org\/#\/schema\/person\/14bbfc5c35624503d3123e694c5d1575\",\"name\":\"gbaguididogratias1@gmail.com\",\"image\":{\"@type\":\"ImageObject\",\"inLanguage\":\"pt-PT\",\"@id\":\"https:\/\/www.fagace.org\/#\/schema\/person\/image\/\",\"url\":\"https:\/\/secure.gravatar.com\/avatar\/98c69aa7b9e53409d22fa64a62d40da5e971a2c3cd617fce2ffe3978d4f49493?s=96&r=g&d=https:\/\/www.fagace.org\/wp-content\/plugins\/userswp\/assets\/images\/no_profile.png\",\"contentUrl\":\"https:\/\/secure.gravatar.com\/avatar\/98c69aa7b9e53409d22fa64a62d40da5e971a2c3cd617fce2ffe3978d4f49493?s=96&r=g&d=https:\/\/www.fagace.org\/wp-content\/plugins\/userswp\/assets\/images\/no_profile.png\",\"caption\":\"gbaguididogratias1@gmail.com\"},\"sameAs\":[\"https:\/\/www.fagace.org\"],\"url\":\"https:\/\/www.fagace.org\/pt\/profile-2\/gbaguididogratias1gmail-com\/\"}]}<\/script>\n<!-- \/ Yoast SEO plugin. -->","yoast_head_json":{"title":"Discurso do Diretor Executivo da FAGACE em 05 de outubro de 2018 - FAGACE","robots":{"index":"index","follow":"follow","max-snippet":"max-snippet:-1","max-image-preview":"max-image-preview:large","max-video-preview":"max-video-preview:-1"},"canonical":"https:\/\/www.fagace.org\/2018\/10\/08\/allocution-du-directeur-general-du-fagace-le-05-octobre-2018\/","og_locale":"pt_PT","og_type":"article","og_title":"Discurso do Diretor Executivo da FAGACE em 05 de outubro de 2018 - FAGACE","og_url":"https:\/\/www.fagace.org\/2018\/10\/08\/allocution-du-directeur-general-du-fagace-le-05-octobre-2018\/","og_site_name":"FAGACE","article_publisher":"https:\/\/www.facebook.com\/fagaceorg","article_published_time":"2018-10-08T11:44:18+00:00","article_modified_time":"2024-04-03T15:17:16+00:00","og_image":[{"width":1200,"height":630,"url":"https:\/\/www.fagace.org\/wp-content\/uploads\/2024\/04\/MINAFOU-FANTA-COULIBALY-KONE.jpg","type":"image\/jpeg"}],"author":"gbaguididogratias1@gmail.com","twitter_card":"summary_large_image","twitter_creator":"@Fagace_Officiel","twitter_site":"@Fagace_Officiel","twitter_misc":{"Written by":"gbaguididogratias1@gmail.com","Est. reading time":"21 minutes"},"schema":{"@context":"https:\/\/schema.org","@graph":[{"@type":"Article","@id":"https:\/\/www.fagace.org\/2018\/10\/08\/allocution-du-directeur-general-du-fagace-le-05-octobre-2018\/#article","isPartOf":{"@id":"https:\/\/www.fagace.org\/2018\/10\/08\/allocution-du-directeur-general-du-fagace-le-05-octobre-2018\/"},"author":{"name":"gbaguididogratias1@gmail.com","@id":"https:\/\/www.fagace.org\/#\/schema\/person\/14bbfc5c35624503d3123e694c5d1575"},"headline":"Discurso do Diretor Executivo da FAGACE em 05 de outubro de 2018","datePublished":"2018-10-08T11:44:18+00:00","dateModified":"2024-04-03T15:17:16+00:00","mainEntityOfPage":{"@id":"https:\/\/www.fagace.org\/2018\/10\/08\/allocution-du-directeur-general-du-fagace-le-05-octobre-2018\/"},"wordCount":4268,"commentCount":0,"publisher":{"@id":"https:\/\/www.fagace.org\/#organization"},"image":{"@id":"https:\/\/www.fagace.org\/2018\/10\/08\/allocution-du-directeur-general-du-fagace-le-05-octobre-2018\/#primaryimage"},"thumbnailUrl":"https:\/\/www.fagace.org\/wp-content\/uploads\/2024\/04\/MINAFOU-FANTA-COULIBALY-KONE.jpg","articleSection":["Discurso"],"inLanguage":"pt-PT","potentialAction":[{"@type":"CommentAction","name":"Comment","target":["https:\/\/www.fagace.org\/2018\/10\/08\/allocution-du-directeur-general-du-fagace-le-05-octobre-2018\/#respond"]}]},{"@type":"WebPage","@id":"https:\/\/www.fagace.org\/2018\/10\/08\/allocution-du-directeur-general-du-fagace-le-05-octobre-2018\/","url":"https:\/\/www.fagace.org\/2018\/10\/08\/allocution-du-directeur-general-du-fagace-le-05-octobre-2018\/","name":"Discurso do Diretor Executivo da FAGACE em 05 de outubro de 2018 - FAGACE","isPartOf":{"@id":"https:\/\/www.fagace.org\/#website"},"primaryImageOfPage":{"@id":"https:\/\/www.fagace.org\/2018\/10\/08\/allocution-du-directeur-general-du-fagace-le-05-octobre-2018\/#primaryimage"},"image":{"@id":"https:\/\/www.fagace.org\/2018\/10\/08\/allocution-du-directeur-general-du-fagace-le-05-octobre-2018\/#primaryimage"},"thumbnailUrl":"https:\/\/www.fagace.org\/wp-content\/uploads\/2024\/04\/MINAFOU-FANTA-COULIBALY-KONE.jpg","datePublished":"2018-10-08T11:44:18+00:00","dateModified":"2024-04-03T15:17:16+00:00","breadcrumb":{"@id":"https:\/\/www.fagace.org\/2018\/10\/08\/allocution-du-directeur-general-du-fagace-le-05-octobre-2018\/#breadcrumb"},"inLanguage":"pt-PT","potentialAction":[{"@type":"ReadAction","target":["https:\/\/www.fagace.org\/2018\/10\/08\/allocution-du-directeur-general-du-fagace-le-05-octobre-2018\/"]}]},{"@type":"ImageObject","inLanguage":"pt-PT","@id":"https:\/\/www.fagace.org\/2018\/10\/08\/allocution-du-directeur-general-du-fagace-le-05-octobre-2018\/#primaryimage","url":"https:\/\/www.fagace.org\/wp-content\/uploads\/2024\/04\/MINAFOU-FANTA-COULIBALY-KONE.jpg","contentUrl":"https:\/\/www.fagace.org\/wp-content\/uploads\/2024\/04\/MINAFOU-FANTA-COULIBALY-KONE.jpg","width":1200,"height":630},{"@type":"BreadcrumbList","@id":"https:\/\/www.fagace.org\/2018\/10\/08\/allocution-du-directeur-general-du-fagace-le-05-octobre-2018\/#breadcrumb","itemListElement":[{"@type":"ListItem","position":1,"name":"Accueil","item":"https:\/\/www.fagace.org\/"},{"@type":"ListItem","position":2,"name":"ALLOCUTION du Directeur G\u00e9n\u00e9ral du FAGACE le 05 Octobre 2018"}]},{"@type":"WebSite","@id":"https:\/\/www.fagace.org\/#website","url":"https:\/\/www.fagace.org\/","name":"{:fr}FAGACE{:}{:en}FAGACE{:}","description":"Uma institui\u00e7\u00e3o financeira ao servi\u00e7o do desenvolvimento em \u00c1frica","publisher":{"@id":"https:\/\/www.fagace.org\/#organization"},"potentialAction":[{"@type":"SearchAction","target":{"@type":"EntryPoint","urlTemplate":"https:\/\/www.fagace.org\/?s={search_term_string}"},"query-input":"required name=search_term_string"}],"inLanguage":"pt-PT"},{"@type":"Organization","@id":"https:\/\/www.fagace.org\/#organization","name":"{:fr}Fonds Africain de Garantie et de Coop\u00e9ration Economique{:}{:en}African Guarantee and Economic Cooperation Fund{:}","url":"https:\/\/www.fagace.org\/","logo":{"@type":"ImageObject","inLanguage":"pt-PT","@id":"https:\/\/www.fagace.org\/#\/schema\/logo\/image\/","url":"https:\/\/www.fagace.org\/wp-content\/uploads\/2024\/04\/2003.jpg","contentUrl":"https:\/\/www.fagace.org\/wp-content\/uploads\/2024\/04\/2003.jpg","width":580,"height":580,"caption":"{:fr}Fonds Africain de Garantie et de Coop\u00e9ration Economique{:}{:en}African Guarantee and Economic Cooperation Fund{:}"},"image":{"@id":"https:\/\/www.fagace.org\/#\/schema\/logo\/image\/"},"sameAs":["https:\/\/www.facebook.com\/fagaceorg","https:\/\/x.com\/Fagace_Officiel"]},{"@type":"Person","@id":"https:\/\/www.fagace.org\/#\/schema\/person\/14bbfc5c35624503d3123e694c5d1575","name":"gbaguididogratias1@gmail.com","image":{"@type":"ImageObject","inLanguage":"pt-PT","@id":"https:\/\/www.fagace.org\/#\/schema\/person\/image\/","url":"https:\/\/secure.gravatar.com\/avatar\/98c69aa7b9e53409d22fa64a62d40da5e971a2c3cd617fce2ffe3978d4f49493?s=96&r=g&d=https:\/\/www.fagace.org\/wp-content\/plugins\/userswp\/assets\/images\/no_profile.png","contentUrl":"https:\/\/secure.gravatar.com\/avatar\/98c69aa7b9e53409d22fa64a62d40da5e971a2c3cd617fce2ffe3978d4f49493?s=96&r=g&d=https:\/\/www.fagace.org\/wp-content\/plugins\/userswp\/assets\/images\/no_profile.png","caption":"gbaguididogratias1@gmail.com"},"sameAs":["https:\/\/www.fagace.org"],"url":"https:\/\/www.fagace.org\/pt\/profile-2\/gbaguididogratias1gmail-com\/"}]}},"_links":{"self":[{"href":"https:\/\/www.fagace.org\/pt\/wp-json\/wp\/v2\/posts\/13410","targetHints":{"allow":["GET"]}}],"collection":[{"href":"https:\/\/www.fagace.org\/pt\/wp-json\/wp\/v2\/posts"}],"about":[{"href":"https:\/\/www.fagace.org\/pt\/wp-json\/wp\/v2\/types\/post"}],"author":[{"embeddable":true,"href":"https:\/\/www.fagace.org\/pt\/wp-json\/wp\/v2\/users\/1"}],"replies":[{"embeddable":true,"href":"https:\/\/www.fagace.org\/pt\/wp-json\/wp\/v2\/comments?post=13410"}],"version-history":[{"count":19,"href":"https:\/\/www.fagace.org\/pt\/wp-json\/wp\/v2\/posts\/13410\/revisions"}],"predecessor-version":[{"id":13763,"href":"https:\/\/www.fagace.org\/pt\/wp-json\/wp\/v2\/posts\/13410\/revisions\/13763"}],"wp:featuredmedia":[{"embeddable":true,"href":"https:\/\/www.fagace.org\/pt\/wp-json\/wp\/v2\/media\/13411"}],"wp:attachment":[{"href":"https:\/\/www.fagace.org\/pt\/wp-json\/wp\/v2\/media?parent=13410"}],"wp:term":[{"taxonomy":"category","embeddable":true,"href":"https:\/\/www.fagace.org\/pt\/wp-json\/wp\/v2\/categories?post=13410"},{"taxonomy":"post_tag","embeddable":true,"href":"https:\/\/www.fagace.org\/pt\/wp-json\/wp\/v2\/tags?post=13410"}],"curies":[{"name":"wp","href":"https:\/\/api.w.org\/{rel}","templated":true}]}}