{"id":22419,"date":"2026-04-20T07:25:09","date_gmt":"2026-04-20T05:25:09","guid":{"rendered":"https:\/\/www.fagace.org\/?p=22419"},"modified":"2026-04-28T07:40:24","modified_gmt":"2026-04-28T05:40:24","slug":"le-fagace-aux-cotes-de-la-bad-pour-repenser-le-financement-du-developpement-en-afrique","status":"publish","type":"post","link":"https:\/\/www.fagace.org\/pt\/2026\/04\/20\/le-fagace-aux-cotes-de-la-bad-pour-repenser-le-financement-du-developpement-en-afrique\/","title":{"rendered":"Le FAGACE aux c\u00f4t\u00e9s de la BAD pour repenser le financement du d\u00e9veloppement en Afrique."},"content":{"rendered":"\t\t<div data-elementor-type=\"wp-post\" data-elementor-id=\"22419\" class=\"elementor elementor-22419\">\n\t\t\t\t\t\t\t        <section class=\"elementor-section elementor-top-section elementor-element elementor-element-2468289a elementor-section-boxed elementor-section-height-default elementor-section-height-default\" data-id=\"2468289a\" data-element_type=\"section\">\n            \n                        <div class=\"elementor-container elementor-column-gap-default \">\n                    <div class=\"elementor-column elementor-col-100 elementor-top-column elementor-element elementor-element-6449ad7f\" data-id=\"6449ad7f\" data-element_type=\"column\">\n            <div class=\"elementor-widget-wrap elementor-element-populated\">\n                        \t\t<div class=\"elementor-element elementor-element-1feef8f0 elementor-widget elementor-widget-text-editor\" data-id=\"1feef8f0\" data-element_type=\"widget\" data-widget_type=\"text-editor.default\">\n\t\t\t\t<div class=\"elementor-widget-container\">\n\t\t\t<style>\/*! elementor - v3.12.1 - 02-04-2023 *\/\n.elementor-widget-text-editor.elementor-drop-cap-view-stacked .elementor-drop-cap{background-color:#69727d;color:#fff}.elementor-widget-text-editor.elementor-drop-cap-view-framed .elementor-drop-cap{color:#69727d;border:3px solid;background-color:transparent}.elementor-widget-text-editor:not(.elementor-drop-cap-view-default) .elementor-drop-cap{margin-top:8px}.elementor-widget-text-editor:not(.elementor-drop-cap-view-default) .elementor-drop-cap-letter{width:1em;height:1em}.elementor-widget-text-editor .elementor-drop-cap{float:left;text-align:center;line-height:1;font-size:50px}.elementor-widget-text-editor .elementor-drop-cap-letter{display:inline-block}<\/style>\t\t\t\t<strong>Le FAGACE aux c\u00f4t\u00e9s de la BAD pour repenser le financement du d\u00e9veloppement en Afrique.<\/strong>\n\n<strong>\u00a0<\/strong>\n\n<p style=\"text-align: justify;\">\nLe renforcement de l\u2019architecture financi\u00e8re africaine a \u00e9t\u00e9 au c\u0153ur d\u2019une rencontre de haut niveau tenue \u00e0 Abidjan, le 09 avril 2026, r\u00e9unissant les principaux acteurs de l\u2019\u00e9cosyst\u00e8me financier du continent. Pr\u00e9sid\u00e9e par Sidi Ould Tah, Pr\u00e9sident du Groupe de la Banque Africaine de D\u00e9veloppement (BAD), cette rencontre a \u00e9t\u00e9 marqu\u00e9e par la tenue d\u2019un dialogue consultatif consacre \u00e0 la Nouvelle Architecture Financi\u00e8re Africaine (NAFA), constituant une \u00e9tape d\u00e9cisive dans la dynamique des consultations engag\u00e9es depuis octobre 2025.<\/p>\n\n<p style=\"text-align: justify;\">\nFace \u00e0 un d\u00e9ficit de financement annuel estim\u00e9 \u00e0 plus de 400 milliards de dollars, la NAFA ambitionne de repenser en profondeur le syst\u00e8me financier du continent. Elle vise notamment \u00e0 r\u00e9duire la fragmentation institutionnelle et \u00e0 renforcer la coordination entre les acteurs financiers, \u00e0 mobiliser davantage l\u2019\u00e9pargne int\u00e9rieure tout en attirant les investissements \u00e9trangers, \u00e0 promouvoir des instruments financiers innovants adapt\u00e9s aux r\u00e9alit\u00e9s africaines, ainsi qu\u2019\u00e0 consolider le r\u00f4le des banques multilat\u00e9rales de d\u00e9veloppement.<\/p>\n\n<p style=\"text-align: justify;\">\nLa d\u00e9l\u00e9gation du FAGACE, conduite par son Pr\u00e9sident, le Dr Ngueto Tira\u00efna YAMBAYE, a pris part \u00e0 ce dialogue de haut niveau. Elle y a apport\u00e9 sa contribution aux r\u00e9flexions en cours et r\u00e9affirm\u00e9 son engagement en faveur de la mise en place d\u2019une architecture financi\u00e8re africaine plus int\u00e9gr\u00e9e, r\u00e9siliente et inclusive.<\/p>\n\n<p style=\"text-align: justify;\">\nA travers cette participation, le FAGACE confirme son positionnement en tant qu\u2019acteur cl\u00e9 du financement du d\u00e9veloppement et du soutien au secteur prive en Afrique. Il poursuit ainsi ses efforts en faveur d\u2019une architecture financi\u00e8re inclusive et durable, contribuant \u00e0 la croissance \u00e9conomique du continent et \u00e0 la r\u00e9duction de la pauvret\u00e9.<\/p>\t\t\t\t\t\t<\/div>\n\t\t\t\t<\/div>\n\t\t            <\/div>\n        <\/div>\n                            <\/div>\n        <\/section>\n                <section class=\"elementor-section elementor-top-section elementor-element elementor-element-6169704 elementor-section-boxed elementor-section-height-default elementor-section-height-default\" data-id=\"6169704\" data-element_type=\"section\">\n            \n                        <div class=\"elementor-container elementor-column-gap-default \">\n                    <div class=\"elementor-column elementor-col-100 elementor-top-column elementor-element elementor-element-d1bfbbe\" data-id=\"d1bfbbe\" data-element_type=\"column\">\n            <div class=\"elementor-widget-wrap elementor-element-populated\">\n                        \t\t<div class=\"elementor-element elementor-element-2231062 elementor-widget elementor-widget-image\" data-id=\"2231062\" data-element_type=\"widget\" data-widget_type=\"image.default\">\n\t\t\t\t<div class=\"elementor-widget-container\">\n\t\t\t<style>\/*! elementor - v3.12.1 - 02-04-2023 *\/\n.elementor-widget-image{text-align:center}.elementor-widget-image a{display:inline-block}.elementor-widget-image a img[src$=\".svg\"]{width:48px}.elementor-widget-image img{vertical-align:middle;display:inline-block}<\/style>\t\t\t\t\t\t\t\t\t\t\t\t<img loading=\"lazy\" decoding=\"async\" width=\"1600\" height=\"1067\" src=\"https:\/\/www.fagace.org\/wp-content\/uploads\/2026\/04\/PHOTO.jpg\" class=\"attachment-full size-full wp-image-22417\" alt=\"\" srcset=\"https:\/\/www.fagace.org\/wp-content\/uploads\/2026\/04\/PHOTO.jpg 1600w, https:\/\/www.fagace.org\/wp-content\/uploads\/2026\/04\/PHOTO-300x200.jpg 300w, https:\/\/www.fagace.org\/wp-content\/uploads\/2026\/04\/PHOTO-1024x683.jpg 1024w, https:\/\/www.fagace.org\/wp-content\/uploads\/2026\/04\/PHOTO-768x512.jpg 768w, https:\/\/www.fagace.org\/wp-content\/uploads\/2026\/04\/PHOTO-1536x1024.jpg 1536w\" sizes=\"auto, (max-width: 1600px) 100vw, 1600px\" \/>\t\t\t\t\t\t\t\t\t\t\t\t\t\t\t<\/div>\n\t\t\t\t<\/div>\n\t\t\t\t<div class=\"elementor-element elementor-element-8abc9be elementor-widget elementor-widget-image\" data-id=\"8abc9be\" data-element_type=\"widget\" data-widget_type=\"image.default\">\n\t\t\t\t<div class=\"elementor-widget-container\">\n\t\t\t\t\t\t\t\t\t\t\t\t\t\t\t<img loading=\"lazy\" decoding=\"async\" width=\"1080\" height=\"810\" src=\"https:\/\/www.fagace.org\/wp-content\/uploads\/2026\/04\/IMG-20260419-WA0084.jpg\" class=\"attachment-full size-full wp-image-22416\" alt=\"\" srcset=\"https:\/\/www.fagace.org\/wp-content\/uploads\/2026\/04\/IMG-20260419-WA0084.jpg 1080w, https:\/\/www.fagace.org\/wp-content\/uploads\/2026\/04\/IMG-20260419-WA0084-300x225.jpg 300w, https:\/\/www.fagace.org\/wp-content\/uploads\/2026\/04\/IMG-20260419-WA0084-1024x768.jpg 1024w, https:\/\/www.fagace.org\/wp-content\/uploads\/2026\/04\/IMG-20260419-WA0084-768x576.jpg 768w, https:\/\/www.fagace.org\/wp-content\/uploads\/2026\/04\/IMG-20260419-WA0084-600x450.jpg 600w\" sizes=\"auto, (max-width: 1080px) 100vw, 1080px\" \/>\t\t\t\t\t\t\t\t\t\t\t\t\t\t\t<\/div>\n\t\t\t\t<\/div>\n\t\t\t\t<div class=\"elementor-element elementor-element-e6d5c3c elementor-widget elementor-widget-image\" data-id=\"e6d5c3c\" data-element_type=\"widget\" data-widget_type=\"image.default\">\n\t\t\t\t<div class=\"elementor-widget-container\">\n\t\t\t\t\t\t\t\t\t\t\t\t\t\t\t<img loading=\"lazy\" decoding=\"async\" width=\"2048\" height=\"1365\" src=\"https:\/\/www.fagace.org\/wp-content\/uploads\/2026\/04\/S4A3560.jpg\" class=\"attachment-full size-full wp-image-22418\" alt=\"\" srcset=\"https:\/\/www.fagace.org\/wp-content\/uploads\/2026\/04\/S4A3560.jpg 2048w, https:\/\/www.fagace.org\/wp-content\/uploads\/2026\/04\/S4A3560-300x200.jpg 300w, https:\/\/www.fagace.org\/wp-content\/uploads\/2026\/04\/S4A3560-1024x683.jpg 1024w, https:\/\/www.fagace.org\/wp-content\/uploads\/2026\/04\/S4A3560-768x512.jpg 768w, https:\/\/www.fagace.org\/wp-content\/uploads\/2026\/04\/S4A3560-1536x1024.jpg 1536w\" sizes=\"auto, (max-width: 2048px) 100vw, 2048px\" \/>\t\t\t\t\t\t\t\t\t\t\t\t\t\t\t<\/div>\n\t\t\t\t<\/div>\n\t\t\t\t<div class=\"elementor-element elementor-element-db99cef elementor-widget elementor-widget-image\" data-id=\"db99cef\" data-element_type=\"widget\" data-widget_type=\"image.default\">\n\t\t\t\t<div class=\"elementor-widget-container\">\n\t\t\t\t\t\t\t\t\t\t\t\t\t\t\t<img loading=\"lazy\" decoding=\"async\" width=\"1600\" height=\"1067\" src=\"https:\/\/www.fagace.org\/wp-content\/uploads\/2026\/04\/S4A3043-X3.jpg\" class=\"attachment-full size-full wp-image-22414\" alt=\"\" srcset=\"https:\/\/www.fagace.org\/wp-content\/uploads\/2026\/04\/S4A3043-X3.jpg 1600w, https:\/\/www.fagace.org\/wp-content\/uploads\/2026\/04\/S4A3043-X3-300x200.jpg 300w, https:\/\/www.fagace.org\/wp-content\/uploads\/2026\/04\/S4A3043-X3-1024x683.jpg 1024w, https:\/\/www.fagace.org\/wp-content\/uploads\/2026\/04\/S4A3043-X3-768x512.jpg 768w, https:\/\/www.fagace.org\/wp-content\/uploads\/2026\/04\/S4A3043-X3-1536x1024.jpg 1536w\" sizes=\"auto, (max-width: 1600px) 100vw, 1600px\" \/>\t\t\t\t\t\t\t\t\t\t\t\t\t\t\t<\/div>\n\t\t\t\t<\/div>\n\t\t            <\/div>\n        <\/div>\n                            <\/div>\n        <\/section>\n        \t\t\t\t\t<\/div>\n\t\t","protected":false},"excerpt":{"rendered":"<p>Le Directeur G\u00e9n\u00e9ral du Fonds Africain de Garantie et de Coop\u00e9ration Economique (FAGACE) Monsieur Ngueto Tiraina YAMBAYE, a rencontr\u00e9 le&#8230;<\/p>\n","protected":false},"author":14,"featured_media":22415,"comment_status":"closed","ping_status":"open","sticky":false,"template":"","format":"standard","meta":{"_themeisle_gutenberg_block_has_review":false,"footnotes":""},"categories":[51,60],"tags":[],"class_list":["post-22419","post","type-post","status-publish","format-standard","has-post-thumbnail","hentry","category-actualites-du-fagace","category-communiques-de-presse"],"translation":{"provider":"WPGlobus","version":"2.10.10","language":"pt","enabled_languages":["fr","en","ar","pt"],"languages":{"fr":{"title":true,"content":true,"excerpt":true},"en":{"title":true,"content":true,"excerpt":true},"ar":{"title":false,"content":false,"excerpt":false},"pt":{"title":false,"content":false,"excerpt":false}}},"yoast_head":"<!-- This site is optimized with the Yoast SEO plugin v22.7 - https:\/\/yoast.com\/wordpress\/plugins\/seo\/ -->\n<title>- FAGACE<\/title>\n<meta name=\"robots\" content=\"index, follow, max-snippet:-1, max-image-preview:large, max-video-preview:-1\" \/>\n<link rel=\"canonical\" href=\"https:\/\/www.fagace.org\/2026\/04\/20\/le-fagace-aux-cotes-de-la-bad-pour-repenser-le-financement-du-developpement-en-afrique\/\" \/>\n<meta property=\"og:locale\" content=\"pt_PT\" \/>\n<meta property=\"og:type\" content=\"article\" \/>\n<meta property=\"og:title\" content=\"- FAGACE\" \/>\n<meta property=\"og:url\" content=\"https:\/\/www.fagace.org\/2026\/04\/20\/le-fagace-aux-cotes-de-la-bad-pour-repenser-le-financement-du-developpement-en-afrique\/\" \/>\n<meta property=\"og:site_name\" content=\"FAGACE\" \/>\n<meta property=\"article:publisher\" content=\"https:\/\/www.facebook.com\/fagaceorg\" \/>\n<meta property=\"article:published_time\" content=\"2026-04-20T05:25:09+00:00\" \/>\n<meta property=\"article:modified_time\" content=\"2026-04-28T05:40:24+00:00\" \/>\n<meta property=\"og:image\" content=\"https:\/\/www.fagace.org\/wp-content\/uploads\/2026\/04\/IMG-20260415-WA0061.jpg\" \/>\n\t<meta property=\"og:image:width\" content=\"1080\" \/>\n\t<meta property=\"og:image:height\" content=\"810\" \/>\n\t<meta property=\"og:image:type\" content=\"image\/jpeg\" \/>\n<meta name=\"author\" content=\"Alkairou SEYDOU HASSANE\" \/>\n<meta name=\"twitter:card\" content=\"summary_large_image\" \/>\n<meta name=\"twitter:creator\" content=\"@Fagace_Officiel\" \/>\n<meta name=\"twitter:site\" content=\"@Fagace_Officiel\" \/>\n<meta name=\"twitter:label1\" content=\"Written by\" \/>\n\t<meta name=\"twitter:data1\" content=\"Alkairou SEYDOU HASSANE\" \/>\n\t<meta name=\"twitter:label2\" content=\"Est. reading time\" \/>\n\t<meta name=\"twitter:data2\" content=\"3 minutes\" \/>\n<script type=\"application\/ld+json\" class=\"yoast-schema-graph\">{\"@context\":\"https:\/\/schema.org\",\"@graph\":[{\"@type\":\"Article\",\"@id\":\"https:\/\/www.fagace.org\/2026\/04\/20\/le-fagace-aux-cotes-de-la-bad-pour-repenser-le-financement-du-developpement-en-afrique\/#article\",\"isPartOf\":{\"@id\":\"https:\/\/www.fagace.org\/2026\/04\/20\/le-fagace-aux-cotes-de-la-bad-pour-repenser-le-financement-du-developpement-en-afrique\/\"},\"author\":{\"name\":\"Alkairou SEYDOU HASSANE\",\"@id\":\"https:\/\/www.fagace.org\/#\/schema\/person\/699145d1b403f805d40212e411f91c9b\"},\"headline\":\"Le FAGACE aux c\u00f4t\u00e9s de la BAD pour repenser le financement du d\u00e9veloppement en Afrique.\",\"datePublished\":\"2026-04-20T05:25:09+00:00\",\"dateModified\":\"2026-04-28T05:40:24+00:00\",\"mainEntityOfPage\":{\"@id\":\"https:\/\/www.fagace.org\/2026\/04\/20\/le-fagace-aux-cotes-de-la-bad-pour-repenser-le-financement-du-developpement-en-afrique\/\"},\"wordCount\":473,\"publisher\":{\"@id\":\"https:\/\/www.fagace.org\/#organization\"},\"image\":{\"@id\":\"https:\/\/www.fagace.org\/2026\/04\/20\/le-fagace-aux-cotes-de-la-bad-pour-repenser-le-financement-du-developpement-en-afrique\/#primaryimage\"},\"thumbnailUrl\":\"https:\/\/www.fagace.org\/wp-content\/uploads\/2026\/04\/IMG-20260415-WA0061.jpg\",\"articleSection\":[\"Not\u00edcias FAGACE\",\"Comunicados de imprensa\"],\"inLanguage\":\"pt-PT\"},{\"@type\":\"WebPage\",\"@id\":\"https:\/\/www.fagace.org\/2026\/04\/20\/le-fagace-aux-cotes-de-la-bad-pour-repenser-le-financement-du-developpement-en-afrique\/\",\"url\":\"https:\/\/www.fagace.org\/2026\/04\/20\/le-fagace-aux-cotes-de-la-bad-pour-repenser-le-financement-du-developpement-en-afrique\/\",\"name\":\"- FAGACE\",\"isPartOf\":{\"@id\":\"https:\/\/www.fagace.org\/#website\"},\"primaryImageOfPage\":{\"@id\":\"https:\/\/www.fagace.org\/2026\/04\/20\/le-fagace-aux-cotes-de-la-bad-pour-repenser-le-financement-du-developpement-en-afrique\/#primaryimage\"},\"image\":{\"@id\":\"https:\/\/www.fagace.org\/2026\/04\/20\/le-fagace-aux-cotes-de-la-bad-pour-repenser-le-financement-du-developpement-en-afrique\/#primaryimage\"},\"thumbnailUrl\":\"https:\/\/www.fagace.org\/wp-content\/uploads\/2026\/04\/IMG-20260415-WA0061.jpg\",\"datePublished\":\"2026-04-20T05:25:09+00:00\",\"dateModified\":\"2026-04-28T05:40:24+00:00\",\"breadcrumb\":{\"@id\":\"https:\/\/www.fagace.org\/2026\/04\/20\/le-fagace-aux-cotes-de-la-bad-pour-repenser-le-financement-du-developpement-en-afrique\/#breadcrumb\"},\"inLanguage\":\"pt-PT\",\"potentialAction\":[{\"@type\":\"ReadAction\",\"target\":[\"https:\/\/www.fagace.org\/2026\/04\/20\/le-fagace-aux-cotes-de-la-bad-pour-repenser-le-financement-du-developpement-en-afrique\/\"]}]},{\"@type\":\"ImageObject\",\"inLanguage\":\"pt-PT\",\"@id\":\"https:\/\/www.fagace.org\/2026\/04\/20\/le-fagace-aux-cotes-de-la-bad-pour-repenser-le-financement-du-developpement-en-afrique\/#primaryimage\",\"url\":\"https:\/\/www.fagace.org\/wp-content\/uploads\/2026\/04\/IMG-20260415-WA0061.jpg\",\"contentUrl\":\"https:\/\/www.fagace.org\/wp-content\/uploads\/2026\/04\/IMG-20260415-WA0061.jpg\",\"width\":1080,\"height\":810},{\"@type\":\"BreadcrumbList\",\"@id\":\"https:\/\/www.fagace.org\/2026\/04\/20\/le-fagace-aux-cotes-de-la-bad-pour-repenser-le-financement-du-developpement-en-afrique\/#breadcrumb\",\"itemListElement\":[{\"@type\":\"ListItem\",\"position\":1,\"name\":\"Accueil\",\"item\":\"https:\/\/www.fagace.org\/\"},{\"@type\":\"ListItem\",\"position\":2,\"name\":\"Le FAGACE aux c\u00f4t\u00e9s de la BAD pour repenser le financement du d\u00e9veloppement en Afrique.\"}]},{\"@type\":\"WebSite\",\"@id\":\"https:\/\/www.fagace.org\/#website\",\"url\":\"https:\/\/www.fagace.org\/\",\"name\":\"{:fr}FAGACE{:}{:en}FAGACE{:}\",\"description\":\"Uma institui\u00e7\u00e3o financeira ao servi\u00e7o do desenvolvimento em \u00c1frica\",\"publisher\":{\"@id\":\"https:\/\/www.fagace.org\/#organization\"},\"potentialAction\":[{\"@type\":\"SearchAction\",\"target\":{\"@type\":\"EntryPoint\",\"urlTemplate\":\"https:\/\/www.fagace.org\/?s={search_term_string}\"},\"query-input\":\"required name=search_term_string\"}],\"inLanguage\":\"pt-PT\"},{\"@type\":\"Organization\",\"@id\":\"https:\/\/www.fagace.org\/#organization\",\"name\":\"{:fr}Fonds Africain de Garantie et de Coop\u00e9ration Economique{:}{:en}African Guarantee and Economic Cooperation Fund{:}\",\"url\":\"https:\/\/www.fagace.org\/\",\"logo\":{\"@type\":\"ImageObject\",\"inLanguage\":\"pt-PT\",\"@id\":\"https:\/\/www.fagace.org\/#\/schema\/logo\/image\/\",\"url\":\"https:\/\/www.fagace.org\/wp-content\/uploads\/2024\/04\/2003.jpg\",\"contentUrl\":\"https:\/\/www.fagace.org\/wp-content\/uploads\/2024\/04\/2003.jpg\",\"width\":580,\"height\":580,\"caption\":\"{:fr}Fonds Africain de Garantie et de Coop\u00e9ration Economique{:}{:en}African Guarantee and Economic Cooperation Fund{:}\"},\"image\":{\"@id\":\"https:\/\/www.fagace.org\/#\/schema\/logo\/image\/\"},\"sameAs\":[\"https:\/\/www.facebook.com\/fagaceorg\",\"https:\/\/x.com\/Fagace_Officiel\"]},{\"@type\":\"Person\",\"@id\":\"https:\/\/www.fagace.org\/#\/schema\/person\/699145d1b403f805d40212e411f91c9b\",\"name\":\"Alkairou SEYDOU HASSANE\",\"image\":{\"@type\":\"ImageObject\",\"inLanguage\":\"pt-PT\",\"@id\":\"https:\/\/www.fagace.org\/#\/schema\/person\/image\/\",\"url\":\"https:\/\/secure.gravatar.com\/avatar\/9dbaf8d8bd421a204b75ee33e58e42b22f9bc12e59cde54ba6f6d09f8083677e?s=96&r=g&d=https:\/\/www.fagace.org\/wp-content\/plugins\/userswp\/assets\/images\/no_profile.png\",\"contentUrl\":\"https:\/\/secure.gravatar.com\/avatar\/9dbaf8d8bd421a204b75ee33e58e42b22f9bc12e59cde54ba6f6d09f8083677e?s=96&r=g&d=https:\/\/www.fagace.org\/wp-content\/plugins\/userswp\/assets\/images\/no_profile.png\",\"caption\":\"Alkairou SEYDOU HASSANE\"},\"url\":\"https:\/\/www.fagace.org\/pt\/profile-2\/hassane\/\"}]}<\/script>\n<!-- \/ Yoast SEO plugin. -->","yoast_head_json":{"title":"- FAGACE","robots":{"index":"index","follow":"follow","max-snippet":"max-snippet:-1","max-image-preview":"max-image-preview:large","max-video-preview":"max-video-preview:-1"},"canonical":"https:\/\/www.fagace.org\/2026\/04\/20\/le-fagace-aux-cotes-de-la-bad-pour-repenser-le-financement-du-developpement-en-afrique\/","og_locale":"pt_PT","og_type":"article","og_title":"- FAGACE","og_url":"https:\/\/www.fagace.org\/2026\/04\/20\/le-fagace-aux-cotes-de-la-bad-pour-repenser-le-financement-du-developpement-en-afrique\/","og_site_name":"FAGACE","article_publisher":"https:\/\/www.facebook.com\/fagaceorg","article_published_time":"2026-04-20T05:25:09+00:00","article_modified_time":"2026-04-28T05:40:24+00:00","og_image":[{"width":1080,"height":810,"url":"https:\/\/www.fagace.org\/wp-content\/uploads\/2026\/04\/IMG-20260415-WA0061.jpg","type":"image\/jpeg"}],"author":"Alkairou SEYDOU HASSANE","twitter_card":"summary_large_image","twitter_creator":"@Fagace_Officiel","twitter_site":"@Fagace_Officiel","twitter_misc":{"Written by":"Alkairou SEYDOU HASSANE","Est. reading time":"3 minutes"},"schema":{"@context":"https:\/\/schema.org","@graph":[{"@type":"Article","@id":"https:\/\/www.fagace.org\/2026\/04\/20\/le-fagace-aux-cotes-de-la-bad-pour-repenser-le-financement-du-developpement-en-afrique\/#article","isPartOf":{"@id":"https:\/\/www.fagace.org\/2026\/04\/20\/le-fagace-aux-cotes-de-la-bad-pour-repenser-le-financement-du-developpement-en-afrique\/"},"author":{"name":"Alkairou SEYDOU HASSANE","@id":"https:\/\/www.fagace.org\/#\/schema\/person\/699145d1b403f805d40212e411f91c9b"},"headline":"Le FAGACE aux c\u00f4t\u00e9s de la BAD pour repenser le financement du d\u00e9veloppement en Afrique.","datePublished":"2026-04-20T05:25:09+00:00","dateModified":"2026-04-28T05:40:24+00:00","mainEntityOfPage":{"@id":"https:\/\/www.fagace.org\/2026\/04\/20\/le-fagace-aux-cotes-de-la-bad-pour-repenser-le-financement-du-developpement-en-afrique\/"},"wordCount":473,"publisher":{"@id":"https:\/\/www.fagace.org\/#organization"},"image":{"@id":"https:\/\/www.fagace.org\/2026\/04\/20\/le-fagace-aux-cotes-de-la-bad-pour-repenser-le-financement-du-developpement-en-afrique\/#primaryimage"},"thumbnailUrl":"https:\/\/www.fagace.org\/wp-content\/uploads\/2026\/04\/IMG-20260415-WA0061.jpg","articleSection":["Not\u00edcias FAGACE","Comunicados de imprensa"],"inLanguage":"pt-PT"},{"@type":"WebPage","@id":"https:\/\/www.fagace.org\/2026\/04\/20\/le-fagace-aux-cotes-de-la-bad-pour-repenser-le-financement-du-developpement-en-afrique\/","url":"https:\/\/www.fagace.org\/2026\/04\/20\/le-fagace-aux-cotes-de-la-bad-pour-repenser-le-financement-du-developpement-en-afrique\/","name":"- FAGACE","isPartOf":{"@id":"https:\/\/www.fagace.org\/#website"},"primaryImageOfPage":{"@id":"https:\/\/www.fagace.org\/2026\/04\/20\/le-fagace-aux-cotes-de-la-bad-pour-repenser-le-financement-du-developpement-en-afrique\/#primaryimage"},"image":{"@id":"https:\/\/www.fagace.org\/2026\/04\/20\/le-fagace-aux-cotes-de-la-bad-pour-repenser-le-financement-du-developpement-en-afrique\/#primaryimage"},"thumbnailUrl":"https:\/\/www.fagace.org\/wp-content\/uploads\/2026\/04\/IMG-20260415-WA0061.jpg","datePublished":"2026-04-20T05:25:09+00:00","dateModified":"2026-04-28T05:40:24+00:00","breadcrumb":{"@id":"https:\/\/www.fagace.org\/2026\/04\/20\/le-fagace-aux-cotes-de-la-bad-pour-repenser-le-financement-du-developpement-en-afrique\/#breadcrumb"},"inLanguage":"pt-PT","potentialAction":[{"@type":"ReadAction","target":["https:\/\/www.fagace.org\/2026\/04\/20\/le-fagace-aux-cotes-de-la-bad-pour-repenser-le-financement-du-developpement-en-afrique\/"]}]},{"@type":"ImageObject","inLanguage":"pt-PT","@id":"https:\/\/www.fagace.org\/2026\/04\/20\/le-fagace-aux-cotes-de-la-bad-pour-repenser-le-financement-du-developpement-en-afrique\/#primaryimage","url":"https:\/\/www.fagace.org\/wp-content\/uploads\/2026\/04\/IMG-20260415-WA0061.jpg","contentUrl":"https:\/\/www.fagace.org\/wp-content\/uploads\/2026\/04\/IMG-20260415-WA0061.jpg","width":1080,"height":810},{"@type":"BreadcrumbList","@id":"https:\/\/www.fagace.org\/2026\/04\/20\/le-fagace-aux-cotes-de-la-bad-pour-repenser-le-financement-du-developpement-en-afrique\/#breadcrumb","itemListElement":[{"@type":"ListItem","position":1,"name":"Accueil","item":"https:\/\/www.fagace.org\/"},{"@type":"ListItem","position":2,"name":"Le FAGACE aux c\u00f4t\u00e9s de la BAD pour repenser le financement du d\u00e9veloppement en Afrique."}]},{"@type":"WebSite","@id":"https:\/\/www.fagace.org\/#website","url":"https:\/\/www.fagace.org\/","name":"{:fr}FAGACE{:}{:en}FAGACE{:}","description":"Uma institui\u00e7\u00e3o financeira ao servi\u00e7o do desenvolvimento em \u00c1frica","publisher":{"@id":"https:\/\/www.fagace.org\/#organization"},"potentialAction":[{"@type":"SearchAction","target":{"@type":"EntryPoint","urlTemplate":"https:\/\/www.fagace.org\/?s={search_term_string}"},"query-input":"required name=search_term_string"}],"inLanguage":"pt-PT"},{"@type":"Organization","@id":"https:\/\/www.fagace.org\/#organization","name":"{:fr}Fonds Africain de Garantie et de Coop\u00e9ration Economique{:}{:en}African Guarantee and Economic Cooperation Fund{:}","url":"https:\/\/www.fagace.org\/","logo":{"@type":"ImageObject","inLanguage":"pt-PT","@id":"https:\/\/www.fagace.org\/#\/schema\/logo\/image\/","url":"https:\/\/www.fagace.org\/wp-content\/uploads\/2024\/04\/2003.jpg","contentUrl":"https:\/\/www.fagace.org\/wp-content\/uploads\/2024\/04\/2003.jpg","width":580,"height":580,"caption":"{:fr}Fonds Africain de Garantie et de Coop\u00e9ration Economique{:}{:en}African Guarantee and Economic Cooperation Fund{:}"},"image":{"@id":"https:\/\/www.fagace.org\/#\/schema\/logo\/image\/"},"sameAs":["https:\/\/www.facebook.com\/fagaceorg","https:\/\/x.com\/Fagace_Officiel"]},{"@type":"Person","@id":"https:\/\/www.fagace.org\/#\/schema\/person\/699145d1b403f805d40212e411f91c9b","name":"Alkairou SEYDOU HASSANE","image":{"@type":"ImageObject","inLanguage":"pt-PT","@id":"https:\/\/www.fagace.org\/#\/schema\/person\/image\/","url":"https:\/\/secure.gravatar.com\/avatar\/9dbaf8d8bd421a204b75ee33e58e42b22f9bc12e59cde54ba6f6d09f8083677e?s=96&r=g&d=https:\/\/www.fagace.org\/wp-content\/plugins\/userswp\/assets\/images\/no_profile.png","contentUrl":"https:\/\/secure.gravatar.com\/avatar\/9dbaf8d8bd421a204b75ee33e58e42b22f9bc12e59cde54ba6f6d09f8083677e?s=96&r=g&d=https:\/\/www.fagace.org\/wp-content\/plugins\/userswp\/assets\/images\/no_profile.png","caption":"Alkairou SEYDOU HASSANE"},"url":"https:\/\/www.fagace.org\/pt\/profile-2\/hassane\/"}]}},"_links":{"self":[{"href":"https:\/\/www.fagace.org\/pt\/wp-json\/wp\/v2\/posts\/22419","targetHints":{"allow":["GET"]}}],"collection":[{"href":"https:\/\/www.fagace.org\/pt\/wp-json\/wp\/v2\/posts"}],"about":[{"href":"https:\/\/www.fagace.org\/pt\/wp-json\/wp\/v2\/types\/post"}],"author":[{"embeddable":true,"href":"https:\/\/www.fagace.org\/pt\/wp-json\/wp\/v2\/users\/14"}],"replies":[{"embeddable":true,"href":"https:\/\/www.fagace.org\/pt\/wp-json\/wp\/v2\/comments?post=22419"}],"version-history":[{"count":6,"href":"https:\/\/www.fagace.org\/pt\/wp-json\/wp\/v2\/posts\/22419\/revisions"}],"predecessor-version":[{"id":22425,"href":"https:\/\/www.fagace.org\/pt\/wp-json\/wp\/v2\/posts\/22419\/revisions\/22425"}],"wp:featuredmedia":[{"embeddable":true,"href":"https:\/\/www.fagace.org\/pt\/wp-json\/wp\/v2\/media\/22415"}],"wp:attachment":[{"href":"https:\/\/www.fagace.org\/pt\/wp-json\/wp\/v2\/media?parent=22419"}],"wp:term":[{"taxonomy":"category","embeddable":true,"href":"https:\/\/www.fagace.org\/pt\/wp-json\/wp\/v2\/categories?post=22419"},{"taxonomy":"post_tag","embeddable":true,"href":"https:\/\/www.fagace.org\/pt\/wp-json\/wp\/v2\/tags?post=22419"}],"curies":[{"name":"wp","href":"https:\/\/api.w.org\/{rel}","templated":true}]}}